{"id":1372,"date":"2018-02-12T13:33:57","date_gmt":"2018-02-12T11:33:57","guid":{"rendered":"http:\/\/www.muettergegenatomgefahr.at\/?p=1372"},"modified":"2018-02-12T13:33:57","modified_gmt":"2018-02-12T11:33:57","slug":"atomstopp-treffen-zwischen-kurz-und-tusk-euratom-zum-thema-machen","status":"publish","type":"post","link":"https:\/\/www.muettergegenatomgefahr.at\/?p=1372","title":{"rendered":"atomstopp: Treffen zwischen Kurz und Tusk &#8211; EURATOM zum Thema machen"},"content":{"rendered":"<p><em>Beste Zeit, um Visionen f\u00fcr ein Europa nach dem Atomzeitalter einzubringen!<\/em><\/p>\n<p class=\"text\">&#8222;Wenn der \u00f6sterreichische Bundeskanzler Sebastian Kurz morgen in Wien den europ\u00e4ischen Ratspr\u00e4sident Donald Tusk empf\u00e4ngt, ist dies eine blendende Gelegenheit, um EURATOM anzupacken! Im Programm der neuen Regierung steht die Reform der \u00fcberalterten Europ\u00e4ischen Atomgemeinschaft EURATOM festgeschrieben und auch der Europ\u00e4ische Rat wird sich damit besch\u00e4ftigen m\u00fcssen. Denn seit Jahresende 2017 liegt dem Ratspr\u00e4sidenten die von atomstopp in Zusammenarbeit mit internationalen Expert_innen entwickelte <a href=\"http:\/\/www.nec2017.eu\/downl\/nec_res_de.pdf\" target=\"_blank\"> EURATOM-Resolution<\/a> vor&#8220;, so Gabriele Schweiger und Roland Egger, Sprecher von atomstopp_oberoesterreich.<\/p>\n<p>&#8222;2018 stehen die Chancen besonders gut, dem Privilegienvertrag f\u00fcr die Atomindustrie endlich eine zeitgem\u00e4\u00dfe Bedeutung zuzuteilen. Der Brexit macht es notwendig, den Atomstaat Gro\u00dfbritannien aus EURATOM auszugliedern und neue zwischenstaatliche Handhabungen f\u00fcr Nuklearfragen zu finden. So dr\u00e4ngt sich die Option geradezu auf, alle relevanten Regelungen im Umgang mit Atomkraft gleich ganz neu zu definieren und somit endlich eine zukunftsf\u00e4hige Energiestrategie f\u00fcr Europa zu erm\u00f6glichen!&#8220;, regen Schweiger und Egger an.<\/p>\n<p>&#8222;Auch die neue deutsche Regierung hat in ihrem Programm die Reform von EURATOM auf die Agenda gesetzt und so steht mit Deutschland ein hervorragender Verb\u00fcndeter in Aussicht! F\u00fcr Mitte des Jahres ist zudem eine Stellungnahme der Kommission zur Zukunft von EURATOM vorgesehen. Der Zeitpunkt k\u00f6nnte also besser nicht sein und Ratspr\u00e4sident Tusk ist genau der richtige Ansprechpartner, um Positionen zu kl\u00e4ren und zeitgerecht Visionen f\u00fcr ein Europa nach dem Atomzeitalter einzubringen!&#8220;, so Schweiger und Egger abschlie\u00dfend.<\/p>\n<p>R\u00fcckfragen &amp; Kontakt:<\/p>\n<p class=\"text\">Gabriele Schweiger 0680\/33 33 625<br \/>\nRoland Egger 0680\/23 93 019<\/p>\n","protected":false},"excerpt":{"rendered":"<p>Beste Zeit, um Visionen f\u00fcr ein Europa nach dem Atomzeitalter einzubringen! &#8222;Wenn der \u00f6sterreichische Bundeskanzler Sebastian Kurz morgen in Wien den europ\u00e4ischen Ratspr\u00e4sident Donald Tusk empf\u00e4ngt, ist dies eine blendende Gelegenheit, um EURATOM anzupacken! Im Programm der neuen Regierung steht &hellip; <a href=\"https:\/\/www.muettergegenatomgefahr.at\/?p=1372\">Weiterlesen <span class=\"meta-nav\">&rarr;<\/span><\/a><\/p>\n","protected":false},"author":2,"featured_media":0,"comment_status":"open","ping_status":"open","sticky":false,"template":"","format":"standard","meta":{"footnotes":""},"categories":[1],"tags":[],"class_list":["post-1372","post","type-post","status-publish","format-standard","hentry","category-allgemein"],"_links":{"self":[{"href":"https:\/\/www.muettergegenatomgefahr.at\/index.php?rest_route=\/wp\/v2\/posts\/1372","targetHints":{"allow":["GET"]}}],"collection":[{"href":"https:\/\/www.muettergegenatomgefahr.at\/index.php?rest_route=\/wp\/v2\/posts"}],"about":[{"href":"https:\/\/www.muettergegenatomgefahr.at\/index.php?rest_route=\/wp\/v2\/types\/post"}],"author":[{"embeddable":true,"href":"https:\/\/www.muettergegenatomgefahr.at\/index.php?rest_route=\/wp\/v2\/users\/2"}],"replies":[{"embeddable":true,"href":"https:\/\/www.muettergegenatomgefahr.at\/index.php?rest_route=%2Fwp%2Fv2%2Fcomments&post=1372"}],"version-history":[{"count":1,"href":"https:\/\/www.muettergegenatomgefahr.at\/index.php?rest_route=\/wp\/v2\/posts\/1372\/revisions"}],"predecessor-version":[{"id":1373,"href":"https:\/\/www.muettergegenatomgefahr.at\/index.php?rest_route=\/wp\/v2\/posts\/1372\/revisions\/1373"}],"wp:attachment":[{"href":"https:\/\/www.muettergegenatomgefahr.at\/index.php?rest_route=%2Fwp%2Fv2%2Fmedia&parent=1372"}],"wp:term":[{"taxonomy":"category","embeddable":true,"href":"https:\/\/www.muettergegenatomgefahr.at\/index.php?rest_route=%2Fwp%2Fv2%2Fcategories&post=1372"},{"taxonomy":"post_tag","embeddable":true,"href":"https:\/\/www.muettergegenatomgefahr.at\/index.php?rest_route=%2Fwp%2Fv2%2Ftags&post=1372"}],"curies":[{"name":"wp","href":"https:\/\/api.w.org\/{rel}","templated":true}]}}