{"id":1375,"date":"2018-02-25T12:46:50","date_gmt":"2018-02-25T10:46:50","guid":{"rendered":"http:\/\/www.muettergegenatomgefahr.at\/?p=1375"},"modified":"2018-02-25T12:46:50","modified_gmt":"2018-02-25T10:46:50","slug":"atomstopp-erfolgreiches-zusammenspiel-aus-ngo-und-politik","status":"publish","type":"post","link":"https:\/\/www.muettergegenatomgefahr.at\/?p=1375","title":{"rendered":"atomstopp: Erfolgreiches Zusammenspiel aus NGO und Politik\u00a0"},"content":{"rendered":"<p><em>Haftpflichtversicherung f\u00fcr AKW wird mit Unterst\u00fctzung \u00f6sterreichischer Europaabgeordneter Mandl und Waitz weiterverfolgt<\/em><\/p>\n<p>&#8222;Es ist \u00fcberaus erfreulich, dass die Petition f\u00fcr eine einheitliche und angemessene Haftpflichtversicherung f\u00fcr Atomanlagen im EU-Parlament erfolgreich verteidigt werden konnte und die Forderung damit sowohl vom Petitionsausschuss als auch von der Europ\u00e4ischen Kommission weiterverfolgt wird!&#8220;, so Gabriele Schweiger und Roland Egger, Sprecher von atomstopp_oberoesterreich.<\/p>\n<p>&#8222;Besonders starke Unterst\u00fctzung konnten wir durch die beiden \u00f6sterreichischen Abgeordneten Mag. Lukas Mandl und Thomas Waitz verzeichnen. Obwohl noch Neulinge im EU-Parlament, zeigen sie vorbildlich, wie engagiert \u00f6sterreichische Antiatomanliegen in Br\u00fcssel vertreten werden k\u00f6nnen!&#8220;, berichten die beiden Aktivistinnen Gabriele S chweiger und Anna Weinbauer, die pers\u00f6nlich an der Sitzung teilnehmen und ebenfalls mit einem Redebeitrag f\u00fcr die Petition argumentieren konnten.<\/p>\n<p>MEP Mandl hatte schon im Vorfeld gegen ein Schlie\u00dfen der Akte interveniert und bekr\u00e4ftige in seiner Ausschussrede: &#8222;Eine verpflichtende Haftpflicht f\u00fcr Atomkraftwerke in Europa w\u00fcrde endlich zu mehr Kostenwahrheit bei Atomenergie f\u00fchren&#8220;. Mandl verwies zus\u00e4tzlich darauf, dass aktuell besondere Chancen f\u00fcr nachhaltige Ver\u00e4nderungen entst\u00fcnden: &#8222;Mit Gro\u00dfbritannien verl\u00e4sst ein starker Bef\u00fcrworter der Atomenergie die EU. Deutschland will die Euratom-Vertr\u00e4ge einer Revision unterziehen. Aktuell ist viel in Bewegung.&#8220;<\/p>\n<p>MEP Waitz legte ebenso klar und deutlich dar, dass, auch wenn die Sicherheit einzelner AKW um vielleicht ein Prozent erh\u00f6ht w\u00fcrde, bei einem Atomunfall die Auswirkungen desastr\u00f6s blieben. Die Kommission k\u00f6nne zwar nicht in den Energiemix der Staaten eingreifen, sehr wohl aber in diversen Fragestellungen eine Richtung vorgeben \u2013 zum Beispiel eben bei der Versicherung von Atomanlagen. Auch er empfehle &#8211; im Sinne des gemeinsamen Interesses &#8211; die Petition offen zu halten und weiter zu verfolgen.<\/p>\n<p>&#8222;Wir legen gro\u00dfen Wert auf dieses Zusammenspiel aus NGO und Politik und werden in unserer Feber-Ausgabe von \u201aatomstopp\u2018, dem monatlichen Informationsmagazin zum europaweiten Atomausstieg im\u00a0<a href=\"https:\/\/www.frf.at\/\" target=\"_blank\" data-saferedirecturl=\"https:\/\/www.google.com\/url?hl=de&amp;q=https:\/\/www.frf.at&amp;source=gmail&amp;ust=1519641714617000&amp;usg=AFQjCNFB1OMhMVybZoqp8pRRYvlYlI6qlg\">Freien Radio Freistadt<\/a>\u00a0einen ausf\u00fchrlichen Bericht dar\u00fcber bringen. Mit Originalbeitr\u00e4gen soll nicht nur der aktuelle Stand des Petitionsverfahrens dokumentiert, sondern auch die beherzte Arbeit unserer Abgeordneten Mandl und Waitz h\u00f6rbar gemacht werden!&#8220;, so die Sprecher von atomstopp_oberoesterreich abschlie\u00dfend.<\/p>\n<p>Sendetermine im Freien Radio Freistadt (107,1\/103,1\/88,4MHz oder\u00a0<a href=\"https:\/\/www.frf.at\/\" target=\"_blank\" data-saferedirecturl=\"https:\/\/www.google.com\/url?hl=de&amp;q=https:\/\/www.frf.at&amp;source=gmail&amp;ust=1519641714617000&amp;usg=AFQjCNFB1OMhMVybZoqp8pRRYvlYlI6qlg\">online<\/a>): 27.2. 15:00h, 2.3. 10:00h, Sa, 3.3. 18:00h sowie im Internet zum Nachh\u00f6ren in der\u00a0<a href=\"https:\/\/cba.fro.at\/series\/atomstopp\">Radiothek<\/a>!<\/p>\n<p>Weitere Informationen:<br \/>\nGabriele Schweiger 0680\/33 33 625<br \/>\nRoland Egger 0680\/23 93 019<\/p>\n<p><span style=\"color: #222222; font-family: Arial, Helvetica, sans-serif; font-size: 12.499999046325684px;\">\u00a0<\/span><\/p>\n","protected":false},"excerpt":{"rendered":"<p>Haftpflichtversicherung f\u00fcr AKW wird mit Unterst\u00fctzung \u00f6sterreichischer Europaabgeordneter Mandl und Waitz weiterverfolgt &#8222;Es ist \u00fcberaus erfreulich, dass die Petition f\u00fcr eine einheitliche und angemessene Haftpflichtversicherung f\u00fcr Atomanlagen im EU-Parlament erfolgreich verteidigt werden konnte und die Forderung damit sowohl vom Petitionsausschuss &hellip; <a href=\"https:\/\/www.muettergegenatomgefahr.at\/?p=1375\">Weiterlesen <span class=\"meta-nav\">&rarr;<\/span><\/a><\/p>\n","protected":false},"author":2,"featured_media":0,"comment_status":"open","ping_status":"open","sticky":false,"template":"","format":"standard","meta":{"footnotes":""},"categories":[1],"tags":[],"class_list":["post-1375","post","type-post","status-publish","format-standard","hentry","category-allgemein"],"_links":{"self":[{"href":"https:\/\/www.muettergegenatomgefahr.at\/index.php?rest_route=\/wp\/v2\/posts\/1375","targetHints":{"allow":["GET"]}}],"collection":[{"href":"https:\/\/www.muettergegenatomgefahr.at\/index.php?rest_route=\/wp\/v2\/posts"}],"about":[{"href":"https:\/\/www.muettergegenatomgefahr.at\/index.php?rest_route=\/wp\/v2\/types\/post"}],"author":[{"embeddable":true,"href":"https:\/\/www.muettergegenatomgefahr.at\/index.php?rest_route=\/wp\/v2\/users\/2"}],"replies":[{"embeddable":true,"href":"https:\/\/www.muettergegenatomgefahr.at\/index.php?rest_route=%2Fwp%2Fv2%2Fcomments&post=1375"}],"version-history":[{"count":1,"href":"https:\/\/www.muettergegenatomgefahr.at\/index.php?rest_route=\/wp\/v2\/posts\/1375\/revisions"}],"predecessor-version":[{"id":1376,"href":"https:\/\/www.muettergegenatomgefahr.at\/index.php?rest_route=\/wp\/v2\/posts\/1375\/revisions\/1376"}],"wp:attachment":[{"href":"https:\/\/www.muettergegenatomgefahr.at\/index.php?rest_route=%2Fwp%2Fv2%2Fmedia&parent=1375"}],"wp:term":[{"taxonomy":"category","embeddable":true,"href":"https:\/\/www.muettergegenatomgefahr.at\/index.php?rest_route=%2Fwp%2Fv2%2Fcategories&post=1375"},{"taxonomy":"post_tag","embeddable":true,"href":"https:\/\/www.muettergegenatomgefahr.at\/index.php?rest_route=%2Fwp%2Fv2%2Ftags&post=1375"}],"curies":[{"name":"wp","href":"https:\/\/api.w.org\/{rel}","templated":true}]}}