{"id":1378,"date":"2018-03-06T11:53:16","date_gmt":"2018-03-06T09:53:16","guid":{"rendered":"http:\/\/www.muettergegenatomgefahr.at\/?p=1378"},"modified":"2018-03-06T12:02:52","modified_gmt":"2018-03-06T10:02:52","slug":"fukushima-gedenktag-atomstopp-und-moviemento-zeigen-furusato-wunde-heimat","status":"publish","type":"post","link":"https:\/\/www.muettergegenatomgefahr.at\/?p=1378","title":{"rendered":"Fukushima-Gedenktag: atomstopp und Moviemento zeigen Furusato \u2013 Wunde Heimat"},"content":{"rendered":"<p><em>Am 8. M\u00e4rz 2018 um 18:00 Uhr zeigen atomstopp und das Moviemento Linz zum Fukushima-Gedenktag den Film &#8222;<a href=\"https:\/\/www.youtube.com\/watch?v=DAqS5wvNRvc\">Furusato &#8211; Wunde Heimat<\/a>&#8220;\u00a0Anschlie\u00dfend gibt es ein Filmgespr\u00e4ch mit Umweltlandesrat Rudi Anschober, Fotograf Harry Steinbichl und dem Japanologen und Autor Andreas Singler.<\/em><\/p>\n<p><a href=\"https:\/\/www.youtube.com\/watch?v=DAqS5wvNRvc\">Furusato<\/a>\u00a0\u2013 Wunde Heimat beginnt, wo nach dem Super-GAU im AKW Fukushima die Berichterstattung in den Medien aufgeh\u00f6rt hat. Der deutsche Filmemacher Thorsten Trimpop hat das Sperrgebiet rund um Fukushima \u00fcber mehrere Jahre immer wieder besucht und Menschen begleitet, die in die radioaktiv verseuchte Sperrzone zur\u00fcckgekehrt sind \u2013 obwohl sie von der t\u00f6dlichen Gefahr dort wissen.<\/p>\n<p>&#8222;In der preisgekr\u00f6nten Dokumentation k\u00f6nnen wir diese Menschen ein St\u00fcck auf ihrem t\u00e4glichen Kampf begleiten, beobachten, wie sie versuchen mit den Folgen von Fukushima fertig zu werden und wieder zu einer neuen Normalit\u00e4t zur\u00fcckzufinden&#8220;, erz\u00e4hlen Gabriele Schweiger und Roland Egger von atomstopp_oberoesterreich.<\/p>\n<p>&#8222;W\u00e4hrend wir uns gegen die Atomkraft wehren, vor den Risiken warnen, ist die Katastrophe in Japan l\u00e4ngst allt\u00e4gliche Wirklichkeit geworden. Wir laden ein, gemeinsam mit uns einen Blick auf diese Wirklichkeit zu werfen, um neu zu begreifen, warum der Kampf gegen die Atomkraft samt ihren Gefahren notwendiger und berechtigter ist denn je!&#8220;, so Schweiger und Egger abschlie\u00dfend.<\/p>\n<p><strong>Um Reservierung unter\u00a0<a href=\"https:\/\/reservierung.moviemento.at\/\" target=\"_blank\">www.reservierung.moviemento.at<\/a>\u00a0oder 0732\/78 40 90 wird gebeten!<\/strong><\/p>\n<p>R\u00fcckfragen:<br \/>\natomstopp_atomkraftfrei leben!<br \/>\nGabriele Schweiger: 0680 \/ 33 33 625<br \/>\nRoland Egger: 0680 \/ 23 93 019<\/p>\n<p>&nbsp;<\/p>\n","protected":false},"excerpt":{"rendered":"<p>Am 8. M\u00e4rz 2018 um 18:00 Uhr zeigen atomstopp und das Moviemento Linz zum Fukushima-Gedenktag den Film &#8222;Furusato &#8211; Wunde Heimat&#8220;\u00a0Anschlie\u00dfend gibt es ein Filmgespr\u00e4ch mit Umweltlandesrat Rudi Anschober, Fotograf Harry Steinbichl und dem Japanologen und Autor Andreas Singler. Furusato\u00a0\u2013 &hellip; <a href=\"https:\/\/www.muettergegenatomgefahr.at\/?p=1378\">Weiterlesen <span class=\"meta-nav\">&rarr;<\/span><\/a><\/p>\n","protected":false},"author":2,"featured_media":0,"comment_status":"open","ping_status":"open","sticky":false,"template":"","format":"standard","meta":{"footnotes":""},"categories":[1],"tags":[],"class_list":["post-1378","post","type-post","status-publish","format-standard","hentry","category-allgemein"],"_links":{"self":[{"href":"https:\/\/www.muettergegenatomgefahr.at\/index.php?rest_route=\/wp\/v2\/posts\/1378","targetHints":{"allow":["GET"]}}],"collection":[{"href":"https:\/\/www.muettergegenatomgefahr.at\/index.php?rest_route=\/wp\/v2\/posts"}],"about":[{"href":"https:\/\/www.muettergegenatomgefahr.at\/index.php?rest_route=\/wp\/v2\/types\/post"}],"author":[{"embeddable":true,"href":"https:\/\/www.muettergegenatomgefahr.at\/index.php?rest_route=\/wp\/v2\/users\/2"}],"replies":[{"embeddable":true,"href":"https:\/\/www.muettergegenatomgefahr.at\/index.php?rest_route=%2Fwp%2Fv2%2Fcomments&post=1378"}],"version-history":[{"count":5,"href":"https:\/\/www.muettergegenatomgefahr.at\/index.php?rest_route=\/wp\/v2\/posts\/1378\/revisions"}],"predecessor-version":[{"id":1383,"href":"https:\/\/www.muettergegenatomgefahr.at\/index.php?rest_route=\/wp\/v2\/posts\/1378\/revisions\/1383"}],"wp:attachment":[{"href":"https:\/\/www.muettergegenatomgefahr.at\/index.php?rest_route=%2Fwp%2Fv2%2Fmedia&parent=1378"}],"wp:term":[{"taxonomy":"category","embeddable":true,"href":"https:\/\/www.muettergegenatomgefahr.at\/index.php?rest_route=%2Fwp%2Fv2%2Fcategories&post=1378"},{"taxonomy":"post_tag","embeddable":true,"href":"https:\/\/www.muettergegenatomgefahr.at\/index.php?rest_route=%2Fwp%2Fv2%2Ftags&post=1378"}],"curies":[{"name":"wp","href":"https:\/\/api.w.org\/{rel}","templated":true}]}}