{"id":1399,"date":"2018-04-19T13:29:31","date_gmt":"2018-04-19T11:29:31","guid":{"rendered":"http:\/\/www.muettergegenatomgefahr.at\/?p=1399"},"modified":"2018-04-21T08:43:43","modified_gmt":"2018-04-21T06:43:43","slug":"atomstopp-marathonlauf-gegen-atomkraft-%c2%96-startschuss-fuer-oesterreich-1978-in-zwentendorf","status":"publish","type":"post","link":"https:\/\/www.muettergegenatomgefahr.at\/?p=1399","title":{"rendered":"atomstopp: Marathonlauf gegen Atomkraft &#8211; Startschuss f\u00fcr \u00d6sterreich 1978 in Zwentendorf!"},"content":{"rendered":"<p><span id=\"ucPreviewMsg_lblMessage\" class=\"PreviewMsgText visualIEFloatFix\">&#8222;Es ist \u00fcberaus erfreulich, mit wieviel Engagement und Fr\u00f6hlichkeit unsere heurigen Marathonl\u00e4ufer_innen letzten Sonntag f\u00fcr den europaweiten Atomausstieg unterwegs waren. Laufend bekommen wir Fotos von den Teilnehmer_innen zugesendet, die die Begeisterung und Dynamik wunderbar widerspiegeln! In unserer <a href=\"http:\/\/www.temelin.at\/gallery.php?name=180415_LinzMarathon&amp;text=15.+April+2018%3A+atomstopp+l%E4uft+beim+Linz+Marathon+%22Raus+aus+Euratom%22\" target=\"_blank\" rel=\"noopener\">Fotogalerie auf www.atomkraftfrei-leben.at<\/a> k\u00f6nnen alle bisher eingelangten Bilder abgerufen werden!&#8220;, so Gabriele Schweiger und Roland Egger, Sprecher von atomstopp_oberoesterreich.<\/span><\/p>\n<p>&#8222;Ausnehmend viele junge Sportler_innen waren f\u00fcr atomstopp unterwegs. Das l\u00e4sst uns zuversichtlich auf unsere Ausstellung <a href=\"http:\/\/webmail.epnet.at\/iclient\/http s:\/\/zwentendorf40atomstopp.wordpress.com\/\" target=\"_blank\" rel=\"noopener\">Zwentendorf.40<\/a> im Herbst 2018 blicken, denn gerade j\u00fcngeren Generationen m\u00f6chten wir dabei vermitteln, wie die Antiatombewegung in \u00d6sterreich begonnen hat und wie sie sich in den 40 Jahren seither so kr\u00e4ftig entwickeln konnte. Wir laden jetzt schon ein, sich den Ausstellungszeitraum vom 5. Oktober bis zum exakten Jahrestag der Zwentendorfabstimmung am 5. November vorzumerken. Mit dem Linzer Wissensturm stellt uns die Stadt Linz daf\u00fcr einen zentralen, niveauvollen Raum zur Verf\u00fcgung&#8220;, freuen sich Schweiger und Egger.<\/p>\n<p>&#8222;Die Volksabstimmung \u00fcber die Inbetriebnahme des AKW Zwentendorf vor 40 Jahren ist Geschichte &#8211; nicht aber das Ergebnis: Das NEIN zur Atomkraft ist gegenw\u00e4rtig und gefestigter denn je. Das ist gut und auch zuk\u00fcnftig notwendig, genau deshalb wollen wir in unserer Ausstellung <a href=\"https:\/\/zwentendorf40atomstopp.wordpress.com\/\" target=\"_blank\" rel=\"noopener\">Zwentendorf.40<\/a> den Stellenwert der Antiatombewegung und ihren Beitrag f\u00fcr eine lebenswerte Zukunft bewusst machen!&#8220;, so Schweiger und Egger abschlie\u00dfend.<\/p>\n<p>Weitere Informationen:<br \/>\nGabriele Schweiger + 43 680 33 33 625<br \/>\nRoland Egger + 43 680 23 93 019<\/p>\n","protected":false},"excerpt":{"rendered":"<p>&#8222;Es ist \u00fcberaus erfreulich, mit wieviel Engagement und Fr\u00f6hlichkeit unsere heurigen Marathonl\u00e4ufer_innen letzten Sonntag f\u00fcr den europaweiten Atomausstieg unterwegs waren. Laufend bekommen wir Fotos von den Teilnehmer_innen zugesendet, die die Begeisterung und Dynamik wunderbar widerspiegeln! In unserer Fotogalerie auf www.atomkraftfrei-leben.at &hellip; <a href=\"https:\/\/www.muettergegenatomgefahr.at\/?p=1399\">Weiterlesen <span class=\"meta-nav\">&rarr;<\/span><\/a><\/p>\n","protected":false},"author":2,"featured_media":0,"comment_status":"open","ping_status":"open","sticky":false,"template":"","format":"standard","meta":{"footnotes":""},"categories":[1],"tags":[],"class_list":["post-1399","post","type-post","status-publish","format-standard","hentry","category-allgemein"],"_links":{"self":[{"href":"https:\/\/www.muettergegenatomgefahr.at\/index.php?rest_route=\/wp\/v2\/posts\/1399","targetHints":{"allow":["GET"]}}],"collection":[{"href":"https:\/\/www.muettergegenatomgefahr.at\/index.php?rest_route=\/wp\/v2\/posts"}],"about":[{"href":"https:\/\/www.muettergegenatomgefahr.at\/index.php?rest_route=\/wp\/v2\/types\/post"}],"author":[{"embeddable":true,"href":"https:\/\/www.muettergegenatomgefahr.at\/index.php?rest_route=\/wp\/v2\/users\/2"}],"replies":[{"embeddable":true,"href":"https:\/\/www.muettergegenatomgefahr.at\/index.php?rest_route=%2Fwp%2Fv2%2Fcomments&post=1399"}],"version-history":[{"count":3,"href":"https:\/\/www.muettergegenatomgefahr.at\/index.php?rest_route=\/wp\/v2\/posts\/1399\/revisions"}],"predecessor-version":[{"id":1404,"href":"https:\/\/www.muettergegenatomgefahr.at\/index.php?rest_route=\/wp\/v2\/posts\/1399\/revisions\/1404"}],"wp:attachment":[{"href":"https:\/\/www.muettergegenatomgefahr.at\/index.php?rest_route=%2Fwp%2Fv2%2Fmedia&parent=1399"}],"wp:term":[{"taxonomy":"category","embeddable":true,"href":"https:\/\/www.muettergegenatomgefahr.at\/index.php?rest_route=%2Fwp%2Fv2%2Fcategories&post=1399"},{"taxonomy":"post_tag","embeddable":true,"href":"https:\/\/www.muettergegenatomgefahr.at\/index.php?rest_route=%2Fwp%2Fv2%2Ftags&post=1399"}],"curies":[{"name":"wp","href":"https:\/\/api.w.org\/{rel}","templated":true}]}}