{"id":1406,"date":"2018-05-07T08:51:13","date_gmt":"2018-05-07T06:51:13","guid":{"rendered":"http:\/\/www.muettergegenatomgefahr.at\/?p=1406"},"modified":"2018-05-08T11:56:14","modified_gmt":"2018-05-08T09:56:14","slug":"atomstopp-euratom-aufloesung-richtige-antwort-auf-frage-der-spoe-nach-reformen-fuer-die-eu","status":"publish","type":"post","link":"https:\/\/www.muettergegenatomgefahr.at\/?p=1406","title":{"rendered":"atomstopp: EURATOM-Aufl\u00f6sung richtige Antwort auf Frage der SP\u00d6 nach Reformen f\u00fcr die EU"},"content":{"rendered":"<p><span id=\"ucPreviewMsg_lblMessage\" class=\"PreviewMsgText visualIEFloatFix\"><em>EU-Sprecher Leichtfried soll <a href=\"http:\/\/www.nec2017.eu\/de\/resolution.php\">EURATOM-Aufl\u00f6sung<\/a> unterst\u00fctzen!<\/em><\/span><\/p>\n<p>&#8222;SP\u00d6-Europasprecher J\u00f6rg Leichtfried l\u00e4dt zur Veranstaltung mit dem Titel &#8218;Die Union am Pr\u00fcfstand. Welche Reformen braucht die EU?&#8216; \u0096 und stellt damit eine hochbrisante Frage, f\u00fcr die wir zumindest eine klare Antwort anbieten k\u00f6nnen: Der EURATOM-Vertrag muss entsorgt werden!&#8220;, empfehlen Gabriele Schweiger und Roland Egger, Sprecher von atomstopp_oberoesterreich anl\u00e4sslich der SP\u00d6-Veranstaltung am 8. Mai 2018.<\/p>\n<p>&#8222;Nicht nur die Zeit ist l\u00e4ngst reif f\u00fcr ein AUS f\u00fcr EURATOM sondern auch die Gelegenheit k\u00f6nnte g\u00fcnstiger nicht sein: Der BREXIT macht es n\u00f6tig, zwischenstaatliche Nuklearabkommen neu zu ordnen. Warum also nicht gleich die gesamte Europ\u00e4ische Atomgemeinschaft mitsamt ihren Zielen aus dem letzten Jahrhundert hinterfragen?&#8220;, stellen Schweiger und Egger in den Raum.<\/p>\n<p>&#8222;Die Notwendigkeit einer Neuorientierung der Energieversorgung f\u00fcr Europa ist unumstritten. Auch in anderen EU-Mitgliedsstaaten wird Kritik am EURATOM-Vertrag zunehmend lauter. So hat nach \u00d6sterreich nun auch Deutschland im Regierungsprogramm die Vormachtstellung der europ\u00e4ischen Atomindustrie ins Visier genommen. Jetzt gilt es, \u00fcber Staats- sowie auch \u00fcber Parteigrenzen hinweg Allianzen zu schmieden und konsequent dieses \u00fcberholte Protektionspapier zugunsten einer einzigen Stromerzeugungsform durch zeitgem\u00e4\u00dfe Zielsetzungen f\u00fcr eine gesicherte und ausgewogene Energiezukunft f\u00fcr Europa zu ersetzen!&#8220;, fordern Schweiger und Egger weiter.<\/p>\n<p>&#8222;Unsere <a href=\"http:\/\/www.nec2017.eu\/de\/resolution.php\">Resolution f\u00fcr die Aufl\u00f6sung von EURATOM<\/a> liegt bereits bei den zust\u00e4ndigen EU-Gremien. Alle weiterhin n\u00f6tigen Regelung zu Nuklearfragen sollen in den allgemeinen EU-Vertrag \u00fcbernommen werden \u0096 und so nicht zuletzt auch dem EU-Parlament, also der einzig demokratisch gew\u00e4hlten EU-Instanz zug\u00e4nglich gemacht werden. Daf\u00fcr erwarten wir uns Unterst\u00fctzung von allen \u00f6sterreichischen Vertreter_innen auf EU-Ebene!&#8220;, so Schweiger und Egger abschlie\u00dfend.<\/p>\n<p>Weitere Informationen:<br \/>\nGabriele Schweiger 0680\/33 33 625<br \/>\nRoland Egger 0680\/23 93 019<\/p>\n","protected":false},"excerpt":{"rendered":"<p>EU-Sprecher Leichtfried soll EURATOM-Aufl\u00f6sung unterst\u00fctzen! &#8222;SP\u00d6-Europasprecher J\u00f6rg Leichtfried l\u00e4dt zur Veranstaltung mit dem Titel &#8218;Die Union am Pr\u00fcfstand. Welche Reformen braucht die EU?&#8216; \u0096 und stellt damit eine hochbrisante Frage, f\u00fcr die wir zumindest eine klare Antwort anbieten k\u00f6nnen: Der &hellip; <a href=\"https:\/\/www.muettergegenatomgefahr.at\/?p=1406\">Weiterlesen <span class=\"meta-nav\">&rarr;<\/span><\/a><\/p>\n","protected":false},"author":2,"featured_media":0,"comment_status":"open","ping_status":"open","sticky":false,"template":"","format":"standard","meta":{"footnotes":""},"categories":[1],"tags":[],"class_list":["post-1406","post","type-post","status-publish","format-standard","hentry","category-allgemein"],"_links":{"self":[{"href":"https:\/\/www.muettergegenatomgefahr.at\/index.php?rest_route=\/wp\/v2\/posts\/1406","targetHints":{"allow":["GET"]}}],"collection":[{"href":"https:\/\/www.muettergegenatomgefahr.at\/index.php?rest_route=\/wp\/v2\/posts"}],"about":[{"href":"https:\/\/www.muettergegenatomgefahr.at\/index.php?rest_route=\/wp\/v2\/types\/post"}],"author":[{"embeddable":true,"href":"https:\/\/www.muettergegenatomgefahr.at\/index.php?rest_route=\/wp\/v2\/users\/2"}],"replies":[{"embeddable":true,"href":"https:\/\/www.muettergegenatomgefahr.at\/index.php?rest_route=%2Fwp%2Fv2%2Fcomments&post=1406"}],"version-history":[{"count":2,"href":"https:\/\/www.muettergegenatomgefahr.at\/index.php?rest_route=\/wp\/v2\/posts\/1406\/revisions"}],"predecessor-version":[{"id":1408,"href":"https:\/\/www.muettergegenatomgefahr.at\/index.php?rest_route=\/wp\/v2\/posts\/1406\/revisions\/1408"}],"wp:attachment":[{"href":"https:\/\/www.muettergegenatomgefahr.at\/index.php?rest_route=%2Fwp%2Fv2%2Fmedia&parent=1406"}],"wp:term":[{"taxonomy":"category","embeddable":true,"href":"https:\/\/www.muettergegenatomgefahr.at\/index.php?rest_route=%2Fwp%2Fv2%2Fcategories&post=1406"},{"taxonomy":"post_tag","embeddable":true,"href":"https:\/\/www.muettergegenatomgefahr.at\/index.php?rest_route=%2Fwp%2Fv2%2Ftags&post=1406"}],"curies":[{"name":"wp","href":"https:\/\/api.w.org\/{rel}","templated":true}]}}