{"id":1409,"date":"2018-05-08T11:59:03","date_gmt":"2018-05-08T09:59:03","guid":{"rendered":"http:\/\/www.muettergegenatomgefahr.at\/?p=1409"},"modified":"2018-05-08T11:59:03","modified_gmt":"2018-05-08T09:59:03","slug":"atomstopp-zum-europatag-2018-die-euratom-aufloesung-anpacken","status":"publish","type":"post","link":"https:\/\/www.muettergegenatomgefahr.at\/?p=1409","title":{"rendered":"atomstopp: Zum Europatag 2018 die EURATOM-Aufl\u00f6sung anpacken!"},"content":{"rendered":"<p><em>Gestaltungsm\u00f6glichkeit w\u00e4hrend EU-Ratspr\u00e4sidentschaft nutzen: Allianzen \u00fcber Partei- und Staatsgrenzen hinweg schmieden und Europas Energiezukunft von der Fu\u00dffessel EURATOM befreien!<\/em><\/p>\n<p>&#8222;Europatag 2018: Bundeskanzler Sebastian Kurz und Vizekanzler Heinz-Christian Strache laden morgen zum EUROPAGESPR\u00c4CH &#8211; mit einem Ausblick auf die kommende Ratspr\u00e4sidentschaft \u00d6sterreichs. Und bereits heute stellt SP\u00d6-Europasprecher J\u00f6rg Leichtfried bei einer Diskussionsrunde mit dem Titel &#8218;Die Union am Pr\u00fcfstand. Welche Reformen braucht die EU?&#8216; eine brisante Frage, f\u00fcr die wir eine klare Antwort anbieten k\u00f6nnen: Der EURATOM-Vertrag muss entsorgt werden!&#8220;, empfehlen Gabriele Schweiger und Roland Egger, Sprecher von atomstopp_oberoesterreich.<\/p>\n<p>&#8222;Es ist unumstritten, dass Europas Energieversorgung eine zukunftsf\u00e4hige Neuausrichtung brauc ht. Doch mit dem m\u00e4chtigen EURATOM-Vertrag als Fu\u00dffessel kann diese nicht durchstarten! Auch in anderen EU-Mitgliedsstaaten wird Kritik am EURATOM-Vertrag zunehmend lauter, nach \u00d6sterreich nimmt nun auch Deutschland im Regierungsprogramm die Vormachtstellung der europ\u00e4ischen Atomindustrie ins Visier. Jetzt gilt es, \u00fcber Partei- sowie auch \u00fcber Staatsgrenzen hinweg Allianzen zu schmieden und konsequent dieses \u00fcberholte Protektionspapier zugunsten einer einzigen Stromerzeugungsform durch eine zeitgem\u00e4\u00dfe Energiekonzeption zu ersetzen!&#8220;, fordern Schweiger und Egger weiter.<\/p>\n<p>&#8222;Der BREXIT macht es n\u00f6tig, zwischenstaatliche Nuklearabkommen neu zu ordnen. Warum also nicht die Gelegenheit packen und die gesamte Europ\u00e4ische Atomgemeinschaft mitsamt ihren Zielen aus dem letzten Jahrhundert hinterfragen? \u00d6sterreich kann seine Gestaltungsm\u00f6glichkeiten w\u00e4hrend der Ratspr\u00e4sidentschaft durchaus dahingehend nutzen&#8220;, stellen Schweiger und Egger in den Raum.<\/p>\n<p>&#8222;Unsere <a href=\"http:%20\/\/www.nec2017.eu\/de\/resolution.php\" target=\"_blank\" rel=\"noopener\" data-saferedirecturl=\"https:\/\/www.google.com\/url?hl=de&amp;q=http:%2520\/\/www.nec2017.eu\/de\/resolution.php&amp;source=gmail&amp;ust=1525859647210000&amp;usg=AFQjCNFYBLjNeigC6DgmznB-IzvBFNliOQ\"> Resolution f\u00fcr die Aufl\u00f6sung von EURATOM <\/a> liegt bereits beim Europ\u00e4ischen Rat startbereit. Darin fordern wir, alle weiterhin n\u00f6tigen Regelungen zu Nuklearfragen in den allgemeinen EU-Vertrag zu \u00fcberf\u00fchren \u2013 und so letztlich auch dem EU-Parlament, also der einzig demokratisch gew\u00e4hlten EU-Instanz zug\u00e4nglich zu machen. Daf\u00fcr erwarten wir uns Unterst\u00fctzung von allen \u00f6sterreichischen Vertreter_innen in s\u00e4mtlichen EU-Gremien!&#8220;, so Schweiger und Egger abschlie\u00dfend.<\/p>\n<p>Weitere Informationen:<br \/>\nGabriele Schweiger 0680\/33 33 625<br \/>\nRoland Egger 0680\/23 93 019<\/p>\n","protected":false},"excerpt":{"rendered":"<p>Gestaltungsm\u00f6glichkeit w\u00e4hrend EU-Ratspr\u00e4sidentschaft nutzen: Allianzen \u00fcber Partei- und Staatsgrenzen hinweg schmieden und Europas Energiezukunft von der Fu\u00dffessel EURATOM befreien! &#8222;Europatag 2018: Bundeskanzler Sebastian Kurz und Vizekanzler Heinz-Christian Strache laden morgen zum EUROPAGESPR\u00c4CH &#8211; mit einem Ausblick auf die kommende Ratspr\u00e4sidentschaft &hellip; <a href=\"https:\/\/www.muettergegenatomgefahr.at\/?p=1409\">Weiterlesen <span class=\"meta-nav\">&rarr;<\/span><\/a><\/p>\n","protected":false},"author":2,"featured_media":0,"comment_status":"open","ping_status":"open","sticky":false,"template":"","format":"standard","meta":{"footnotes":""},"categories":[1],"tags":[],"class_list":["post-1409","post","type-post","status-publish","format-standard","hentry","category-allgemein"],"_links":{"self":[{"href":"https:\/\/www.muettergegenatomgefahr.at\/index.php?rest_route=\/wp\/v2\/posts\/1409","targetHints":{"allow":["GET"]}}],"collection":[{"href":"https:\/\/www.muettergegenatomgefahr.at\/index.php?rest_route=\/wp\/v2\/posts"}],"about":[{"href":"https:\/\/www.muettergegenatomgefahr.at\/index.php?rest_route=\/wp\/v2\/types\/post"}],"author":[{"embeddable":true,"href":"https:\/\/www.muettergegenatomgefahr.at\/index.php?rest_route=\/wp\/v2\/users\/2"}],"replies":[{"embeddable":true,"href":"https:\/\/www.muettergegenatomgefahr.at\/index.php?rest_route=%2Fwp%2Fv2%2Fcomments&post=1409"}],"version-history":[{"count":1,"href":"https:\/\/www.muettergegenatomgefahr.at\/index.php?rest_route=\/wp\/v2\/posts\/1409\/revisions"}],"predecessor-version":[{"id":1410,"href":"https:\/\/www.muettergegenatomgefahr.at\/index.php?rest_route=\/wp\/v2\/posts\/1409\/revisions\/1410"}],"wp:attachment":[{"href":"https:\/\/www.muettergegenatomgefahr.at\/index.php?rest_route=%2Fwp%2Fv2%2Fmedia&parent=1409"}],"wp:term":[{"taxonomy":"category","embeddable":true,"href":"https:\/\/www.muettergegenatomgefahr.at\/index.php?rest_route=%2Fwp%2Fv2%2Fcategories&post=1409"},{"taxonomy":"post_tag","embeddable":true,"href":"https:\/\/www.muettergegenatomgefahr.at\/index.php?rest_route=%2Fwp%2Fv2%2Ftags&post=1409"}],"curies":[{"name":"wp","href":"https:\/\/api.w.org\/{rel}","templated":true}]}}