{"id":1415,"date":"2018-06-08T10:19:15","date_gmt":"2018-06-08T08:19:15","guid":{"rendered":"http:\/\/www.muettergegenatomgefahr.at\/?p=1415"},"modified":"2018-06-08T10:19:15","modified_gmt":"2018-06-08T08:19:15","slug":"atomstopp-nein-zur-atomkraftbetriebenen-zukunft-euratom-resolution-unterstuetzen","status":"publish","type":"post","link":"https:\/\/www.muettergegenatomgefahr.at\/?p=1415","title":{"rendered":"atomstopp: Nein zur \u201aatomkraftbetriebenen\u2019 Zukunft \u2013 EURATOM-Resolution unterst\u00fctzen!"},"content":{"rendered":"<p><em>Fair Planet und Tage des Windes mit atomstopp<\/em><\/p>\n<p>&#8222;Schon traditionell nutzt atomstopp die Gelegenheit, am <a href=\"http:\/\/fairplanet.at\/\">Fair Planet<\/a> und zum <a href=\"https:\/\/www.tagdeswindes.at\/\">Tag des Windes <\/a>Menschen zu erreichen, die sich f\u00fcr eine lebenswerte Zukunft mit cleveren L\u00f6sungen f\u00fcr den Energiebedarf interessieren. Das <a href=\"http:\/\/fairplanet.at\/\">Fair Planet<\/a> findet heuer am 9. Juni von 12:00 bis 20:00 Uhr im Linzer Volksgarten statt &#8211; als gemeinsames Fest mit verschiedensten gesellschaftlich engagierten Organisationen. Zum <a href=\"https:\/\/www.tagdeswindes.at\/\">Tag des Windes <\/a>werden wir mit einem Infostand am Taubenmarkt in Linz am 13. Juni von 12:00 bis 17:00 Uhr pr\u00e4sent sein!&#8220;, berichten Gabriele Schweiger und Roland Egger, Sprecher von atomstopp_oberoesterreich.<\/p>\n<p>&#8222;Alle, die sich nicht mit einer &#8218;atomkraftbetriebenen&#8216; Zukunft abfinden wollen, laden wir an beiden Terminen ein, mit einem Appell an die \u00f6sterreichische Bundesregierung die <a href=\"http:\/\/www.nec2017.eu\/de\/resolution\">&#8218;Resolution f\u00fcr die Aufl\u00f6sung von EURATOM&#8216;<\/a> zu unterst\u00fctzen. \u00d6sterreich \u00fcbernimmt wie bekannt ab Juli 2018 f\u00fcr ein halbes Jahr die Ratspr\u00e4sidentschaft der Europ\u00e4ischen Union. Dieser Zeitraum muss genutzt werden, um Impulse f\u00fcr die Richtung in der europ\u00e4ischen Energiepolitik zu setzen. Die Koalition aus \u00d6VP und FP\u00d6 hat in ihrem Regierungsabkommen ganz klar definiert, dass der EURATOM-Vertrag \u00fcberarbeitet werden muss. Das ist ein hervorragender Ansatz, jetzt kommt die Gelegenheit, dieses wichtige Vorhaben auch auf den Verhandlungstisch zu bringen!&#8220;, fordern Schweiger und Egger auf.<\/p>\n<p>&#8222;Mit unserem Appell wollen wir die Bundesregierung nicht nur an die Ansage im Regierungsabkommen erinnern, sondern ihr f\u00fcr die Umsetzung auch den R\u00fccken st\u00e4rken. Noch Ende Juni werden wir die Liste mit den Unterschriften der Unterst\u00fctzer_innen an die antretenden Ratsvorsitzenden als unmissverst\u00e4ndliches Mandat von zukunftsorientierten \u00f6sterreichischen B\u00fcrger_innen \u00fcbergeben!&#8220;, so Schweiger und Egger abschlie\u00dfend.<\/p>\n<p><em>Weitere Informationen:<\/em><br \/>\n<em>Gabriele Schweiger 0680\/33 33 625<\/em><br \/>\n<em>Roland Egger 0680\/23 93 019<\/em><\/p>\n","protected":false},"excerpt":{"rendered":"<p>Fair Planet und Tage des Windes mit atomstopp &#8222;Schon traditionell nutzt atomstopp die Gelegenheit, am Fair Planet und zum Tag des Windes Menschen zu erreichen, die sich f\u00fcr eine lebenswerte Zukunft mit cleveren L\u00f6sungen f\u00fcr den Energiebedarf interessieren. Das Fair &hellip; <a href=\"https:\/\/www.muettergegenatomgefahr.at\/?p=1415\">Weiterlesen <span class=\"meta-nav\">&rarr;<\/span><\/a><\/p>\n","protected":false},"author":2,"featured_media":0,"comment_status":"open","ping_status":"open","sticky":false,"template":"","format":"standard","meta":{"footnotes":""},"categories":[1],"tags":[],"class_list":["post-1415","post","type-post","status-publish","format-standard","hentry","category-allgemein"],"_links":{"self":[{"href":"https:\/\/www.muettergegenatomgefahr.at\/index.php?rest_route=\/wp\/v2\/posts\/1415","targetHints":{"allow":["GET"]}}],"collection":[{"href":"https:\/\/www.muettergegenatomgefahr.at\/index.php?rest_route=\/wp\/v2\/posts"}],"about":[{"href":"https:\/\/www.muettergegenatomgefahr.at\/index.php?rest_route=\/wp\/v2\/types\/post"}],"author":[{"embeddable":true,"href":"https:\/\/www.muettergegenatomgefahr.at\/index.php?rest_route=\/wp\/v2\/users\/2"}],"replies":[{"embeddable":true,"href":"https:\/\/www.muettergegenatomgefahr.at\/index.php?rest_route=%2Fwp%2Fv2%2Fcomments&post=1415"}],"version-history":[{"count":1,"href":"https:\/\/www.muettergegenatomgefahr.at\/index.php?rest_route=\/wp\/v2\/posts\/1415\/revisions"}],"predecessor-version":[{"id":1416,"href":"https:\/\/www.muettergegenatomgefahr.at\/index.php?rest_route=\/wp\/v2\/posts\/1415\/revisions\/1416"}],"wp:attachment":[{"href":"https:\/\/www.muettergegenatomgefahr.at\/index.php?rest_route=%2Fwp%2Fv2%2Fmedia&parent=1415"}],"wp:term":[{"taxonomy":"category","embeddable":true,"href":"https:\/\/www.muettergegenatomgefahr.at\/index.php?rest_route=%2Fwp%2Fv2%2Fcategories&post=1415"},{"taxonomy":"post_tag","embeddable":true,"href":"https:\/\/www.muettergegenatomgefahr.at\/index.php?rest_route=%2Fwp%2Fv2%2Ftags&post=1415"}],"curies":[{"name":"wp","href":"https:\/\/api.w.org\/{rel}","templated":true}]}}