{"id":1418,"date":"2018-06-21T11:09:21","date_gmt":"2018-06-21T09:09:21","guid":{"rendered":"http:\/\/www.muettergegenatomgefahr.at\/?p=1418"},"modified":"2018-06-21T11:40:26","modified_gmt":"2018-06-21T09:40:26","slug":"atomstopp-nachhaltige-zukunft-der-europaeischen-union-nur-ohne-euratom-vertrag","status":"publish","type":"post","link":"https:\/\/www.muettergegenatomgefahr.at\/?p=1418","title":{"rendered":"atomstopp: Nachhaltige Zukunft der Europ\u00e4ischen Union nur ohne EURATOM-Vertrag!"},"content":{"rendered":"<p><em>Europaweite B\u00fcrger_innen -Konsultation f\u00fcr die Aufl\u00f6sung von EURATOM nutzen! <\/em><\/p>\n<p>&#8218;Zukunft der Europ\u00e4ischen Union&#8216; \u2013 so lautet der Titel einer Konferenz, die heute in der Oesterreichischen Nationalbank in Wien stattfindet. &#8222;Wir finden es besonders erfreulich, dass Au\u00dfenministerin Karin Kneissl dabei auch das brisante Thema Klimawandel in den Mittelpunkt r\u00fccken will. Elementar in der Klimafrage ist die Energieversorgung und hier muss Kneissl klarstellen, dass diese nicht f\u00e4lschlich mit der Nutzung von Atomenergie beantwortet wird. Der \u00fcberaltete EURATOM-Vertrag, der der Atomindustrie exklusive Privilegien einr\u00e4umt, wird immer wieder dazu f\u00fchren, dass die Europ\u00e4ische Kommission pronukleare Entscheidungen trifft. Somit steht dieser Vertrag einer zukunftsf\u00e4higen Energiestrategie als stetige H\u00fcrde im Weg. Au\u00dfenministerin Kneissl ist \u2013 wie auch alle anderen Fachminister_innen! &#8211; dringend aufgefordert, der im Regierungsprogramm festgeschriebenen Kampfansage an EURATOM nun auch Taten folgen zu lassen&#8220;, verlangen Gabriele Schweiger und Roland Egger, Sprecher von atomstopp_oberoesterreich.<\/p>\n<p>&#8222;Rahmen f\u00fcr die heutige Konferenz ist eine europaweite B\u00fcrger_innen-Konsultation zur Zukunft Europas \u2013 hier wird 450 Millionen Europ\u00e4er_innen die M\u00f6glichkeit gegeben, sich bis Ende Oktober mit Ideen, sowohl auf <a href=\"https:\/\/www.bundeskanzleramt.gv.at\/buergerkonsultationen\" target=\"_blank\" rel=\"noopener\">nationaler<\/a> als auch auf <a href=\"https:\/\/ec.europa.eu\/commission\/consultation-future-europe_de\" target=\"_blank\" rel=\"noopener\">EU-Ebene<\/a>, einzubringen. Wir werden diese Optionen f\u00fcr unseren Vorschlag nutzen, den <a href=\"http:\/\/www.nec2017.eu\/de\/resolution.php\" target=\"_blank\" rel=\"noopener\">EURATOM-Vertrag g\u00e4nzlich aufzul\u00f6sen<\/a> und alle weiterhin n\u00f6tigen nuklearrechtlichen Regelungen in den EU-Vertrag (EUV) und den Vertrag \u00fcber die Arbeitsweise der Europ\u00e4ischen Union (AEUV) einzugliedern. Damit f\u00e4llt die gesch\u00fctzte Sonderstellung f\u00fcr Atomkraft und nur so kann die einseitige Bevorzugung einer einzelnen, fatalen Energieversorgung beendet werden\u201c, so Schweiger und Egger abschlie\u00dfend.<\/p>\n<p>&nbsp;<\/p>\n<p>Weitere Informationen:<br \/>\nGabriele Schweiger 0680\/33 33 625<br \/>\nRoland Egger 0680\/23 93 019 <b class=\"news_text\"><br \/>\n<\/b><\/p>\n","protected":false},"excerpt":{"rendered":"<p>Europaweite B\u00fcrger_innen -Konsultation f\u00fcr die Aufl\u00f6sung von EURATOM nutzen! &#8218;Zukunft der Europ\u00e4ischen Union&#8216; \u2013 so lautet der Titel einer Konferenz, die heute in der Oesterreichischen Nationalbank in Wien stattfindet. &#8222;Wir finden es besonders erfreulich, dass Au\u00dfenministerin Karin Kneissl dabei auch &hellip; <a href=\"https:\/\/www.muettergegenatomgefahr.at\/?p=1418\">Weiterlesen <span class=\"meta-nav\">&rarr;<\/span><\/a><\/p>\n","protected":false},"author":2,"featured_media":0,"comment_status":"open","ping_status":"open","sticky":false,"template":"","format":"standard","meta":{"footnotes":""},"categories":[1],"tags":[],"class_list":["post-1418","post","type-post","status-publish","format-standard","hentry","category-allgemein"],"_links":{"self":[{"href":"https:\/\/www.muettergegenatomgefahr.at\/index.php?rest_route=\/wp\/v2\/posts\/1418","targetHints":{"allow":["GET"]}}],"collection":[{"href":"https:\/\/www.muettergegenatomgefahr.at\/index.php?rest_route=\/wp\/v2\/posts"}],"about":[{"href":"https:\/\/www.muettergegenatomgefahr.at\/index.php?rest_route=\/wp\/v2\/types\/post"}],"author":[{"embeddable":true,"href":"https:\/\/www.muettergegenatomgefahr.at\/index.php?rest_route=\/wp\/v2\/users\/2"}],"replies":[{"embeddable":true,"href":"https:\/\/www.muettergegenatomgefahr.at\/index.php?rest_route=%2Fwp%2Fv2%2Fcomments&post=1418"}],"version-history":[{"count":3,"href":"https:\/\/www.muettergegenatomgefahr.at\/index.php?rest_route=\/wp\/v2\/posts\/1418\/revisions"}],"predecessor-version":[{"id":1421,"href":"https:\/\/www.muettergegenatomgefahr.at\/index.php?rest_route=\/wp\/v2\/posts\/1418\/revisions\/1421"}],"wp:attachment":[{"href":"https:\/\/www.muettergegenatomgefahr.at\/index.php?rest_route=%2Fwp%2Fv2%2Fmedia&parent=1418"}],"wp:term":[{"taxonomy":"category","embeddable":true,"href":"https:\/\/www.muettergegenatomgefahr.at\/index.php?rest_route=%2Fwp%2Fv2%2Fcategories&post=1418"},{"taxonomy":"post_tag","embeddable":true,"href":"https:\/\/www.muettergegenatomgefahr.at\/index.php?rest_route=%2Fwp%2Fv2%2Ftags&post=1418"}],"curies":[{"name":"wp","href":"https:\/\/api.w.org\/{rel}","templated":true}]}}