{"id":1432,"date":"2018-09-10T22:15:34","date_gmt":"2018-09-10T20:15:34","guid":{"rendered":"http:\/\/www.muettergegenatomgefahr.at\/?p=1432"},"modified":"2018-09-10T22:19:00","modified_gmt":"2018-09-10T20:19:00","slug":"atomstopp-meldepflichtiger-stoerfall-im-akw-temelin","status":"publish","type":"post","link":"https:\/\/www.muettergegenatomgefahr.at\/?p=1432","title":{"rendered":"atomstopp: Meldepflichtiger St\u00f6rfall im AKW Temelin"},"content":{"rendered":"<p><a href=\"https:\/\/zwentendorf40atomstopp.wordpress.com\/\">40 Jahre nach Zwentendorf<\/a><em> immer noch von Atomkraft bedroht<\/em><\/p>\n<p>&#8222;In Temelin wird wieder gepatzt \u2013 radioaktiv, versteht sich und das \u00f6sterreichische BMNT berichtet zwar dar\u00fcber. Das ist wohl gut und w\u00fcrdig und recht, nach den Kriterien des Melker Abkommens, das im Jahr 2000 durch hartn\u00e4ckige Proteste an der Grenze zwischen \u00d6sterreich und Tschechien evoziert worden war. Aber uns ist das zu wenig!&#8220;, so Gabriele Schweiger und Roland Egger, Sprecher von atomstopp_oberoesterreich in Reaktion auf die heutige Meldung aus dem Umweltministerium, dass es im Kontrollbereichbe des AKW Temelin letzten Freitag zum Austritt mehrerer Kubikmeter kontaminierter Fl\u00fcssigkeit gekommen war.<\/p>\n<p>&#8222;Mit dem nuklearen Spuk muss endlich Schluss sein. Auch wenn St\u00f6rf\u00e4lle immer wieder glimpflich verlaufen: Dieser Technologie muss endlich die finanzielle und politische Grundlage entzogen werden. In Europa geht das nur \u00fcber die Entmachtung von <a href=\"http:\/\/www.nec2017.eu\/de\/resolution\">EURATOM! Dieser Vertrag muss aufgel\u00f6st werden<\/a>, er st\u00fctzt und erm\u00f6glicht einzig und allein die Weiterexistenz der Atomindustrie! Unsere Bundesregierung ist dringend aufgefordert, jetzt, <a href=\"https:\/\/zwentendorf40atomstopp.wordpress.com\/\">40 Jahre nach dem Aus f\u00fcr Zwentendorf<\/a>, noch w\u00e4hrend der Ratspr\u00e4sidentschaft 2018 entsprechende Schritte auf EU-Ebene in die Wege zu leiten!&#8220;, so Schweiger und Egger abschlie\u00dfend.<\/p>\n<p>Weitere Informationen:<br \/>\nGabriele Schweiger 0680\/33 33 625<br \/>\nRoland Egger 0680\/23 93 019<\/p>\n","protected":false},"excerpt":{"rendered":"<p>40 Jahre nach Zwentendorf immer noch von Atomkraft bedroht &#8222;In Temelin wird wieder gepatzt \u2013 radioaktiv, versteht sich und das \u00f6sterreichische BMNT berichtet zwar dar\u00fcber. Das ist wohl gut und w\u00fcrdig und recht, nach den Kriterien des Melker Abkommens, das &hellip; <a href=\"https:\/\/www.muettergegenatomgefahr.at\/?p=1432\">Weiterlesen <span class=\"meta-nav\">&rarr;<\/span><\/a><\/p>\n","protected":false},"author":2,"featured_media":0,"comment_status":"open","ping_status":"open","sticky":false,"template":"","format":"standard","meta":{"footnotes":""},"categories":[1],"tags":[],"class_list":["post-1432","post","type-post","status-publish","format-standard","hentry","category-allgemein"],"_links":{"self":[{"href":"https:\/\/www.muettergegenatomgefahr.at\/index.php?rest_route=\/wp\/v2\/posts\/1432","targetHints":{"allow":["GET"]}}],"collection":[{"href":"https:\/\/www.muettergegenatomgefahr.at\/index.php?rest_route=\/wp\/v2\/posts"}],"about":[{"href":"https:\/\/www.muettergegenatomgefahr.at\/index.php?rest_route=\/wp\/v2\/types\/post"}],"author":[{"embeddable":true,"href":"https:\/\/www.muettergegenatomgefahr.at\/index.php?rest_route=\/wp\/v2\/users\/2"}],"replies":[{"embeddable":true,"href":"https:\/\/www.muettergegenatomgefahr.at\/index.php?rest_route=%2Fwp%2Fv2%2Fcomments&post=1432"}],"version-history":[{"count":3,"href":"https:\/\/www.muettergegenatomgefahr.at\/index.php?rest_route=\/wp\/v2\/posts\/1432\/revisions"}],"predecessor-version":[{"id":1435,"href":"https:\/\/www.muettergegenatomgefahr.at\/index.php?rest_route=\/wp\/v2\/posts\/1432\/revisions\/1435"}],"wp:attachment":[{"href":"https:\/\/www.muettergegenatomgefahr.at\/index.php?rest_route=%2Fwp%2Fv2%2Fmedia&parent=1432"}],"wp:term":[{"taxonomy":"category","embeddable":true,"href":"https:\/\/www.muettergegenatomgefahr.at\/index.php?rest_route=%2Fwp%2Fv2%2Fcategories&post=1432"},{"taxonomy":"post_tag","embeddable":true,"href":"https:\/\/www.muettergegenatomgefahr.at\/index.php?rest_route=%2Fwp%2Fv2%2Ftags&post=1432"}],"curies":[{"name":"wp","href":"https:\/\/api.w.org\/{rel}","templated":true}]}}