{"id":1437,"date":"2018-09-13T10:43:56","date_gmt":"2018-09-13T08:43:56","guid":{"rendered":"http:\/\/www.muettergegenatomgefahr.at\/?p=1437"},"modified":"2018-09-14T10:45:03","modified_gmt":"2018-09-14T08:45:03","slug":"atomstopp-klimaschutzpolitik-nur-ohne-euratom-moeglich","status":"publish","type":"post","link":"https:\/\/www.muettergegenatomgefahr.at\/?p=1437","title":{"rendered":"atomstopp: Klimaschutzpolitik nur ohne EURATOM m\u00f6glich"},"content":{"rendered":"<p><em>Atomkraft kann das Klima nicht retten!<\/em><\/p>\n<p>&#8222;Bundesministerin Elisabeth K\u00f6stinger hat den Vorsitz beim informellen Ministerrat Anfang n\u00e4chster Woche in Linz &#8211; die perfekte Gelegenheit also, ihren im Fr\u00fchjahr eingeschlagen Weg in Sache EURATOM einen Schritt weiterzubringen. Ma\u00dfnahmen zum Klimaschutz m\u00fcssen notwendigerweise rasch umgesetzt werden, dar\u00fcber ist man sich einig. Jetzt m\u00fcssen auch die Weichen f\u00fcr die passenden politischen Rahmenbedingungen geschaffen werden &#8211; und diese k\u00f6nnen nur ohne den EURATOM-Vertrag, der die Atomindustrie sch\u00fctzt und privilegiert, verwirklicht werden!&#8220;, ermuntern Gabriele Schweiger und Roland Egger, Sprecher von atomstopp_oberoesterreich die Umwelt- und Energieministerin K\u00f6stinger.<\/p>\n<p>&#8222;Die Umweltministerinnen Hendricks (DE) und Dieschbourg (LU) sind bereits im Boot \u2013 nun muss K\u00f6stinger alles daran setzen, auch unter den Minister_innen f\u00fcr Energie Allianzen zu finden. K\u00f6stinger muss das Linzer Gipfeltreffen nutzen und klarstellen: EURATOM steht einer klimaschonenden Energiepolitik massiv im Weg, denn der EURATOM-Vertrag schreibt die F\u00f6rderung von Atomkraft prim\u00e4rrechtlich verbrieft vor. Wer es mit einer zukunftstauglichen, klimaschonenden Stromversorgung f\u00fcr Europa ernst meint, kommt an der Beseitigung dieses Protektionspapiers nicht vorbei!&#8220;, betonen Schweiger und Egger.<\/p>\n<p>\u201eNur wenn die Privilegierung der Atomindustrie endet, kann der Spielraum f\u00fcr die dringend notwendige Priorit\u00e4tensetzung zugunsten regenerativer Energien ad\u00e4quat er\u00f6ffnet werden. F\u00fcr dieses Ziel, das immerhin auch im \u00d6VP\/FP\u00d6 Regierungsprogramm festgeschrieben ist, muss sich K\u00f6stinger beim Ministergipfel in Linz stark machen!\u201c, mahnen Schweiger und Egger abschlie\u00dfend ein.<\/p>\n<p><em>Veranstaltungshinweise:<\/em><\/p>\n<p>Kundgebung: <a href=\"https:\/\/heisserherbst807060605.wordpress.com\/&lt;br&gt;\" target=\"_blank\" rel=\"noopener\"> Politik f\u00fcr Mensch &amp; Umwelt, statt ein Europa der Konzerne!<br \/>\n<\/a> Montag, 17.9.2018, 18:30h vor dem Schloss Linz, Tummelplatz<\/p>\n<p>Tagung: <a href=\"https:\/\/www.facebook.com\/rudianschober\/posts\/1856866164349605?__xts__[0]=68.ARC-Q9ozAVUy2FxUN7-NvjHH3DAk6FP-2PvJT3Gx5UqIJiYHGaoSu93jB7-W-0f1bfHHAlFsOZ_4OpKKHz1DIrFfkg4-MKhdCc5V8HJLlie04R86aFJJwJ9FRq6pziWvnAmYI0G92c3djQlcVhXHZjbfX4mas81FWySxDU0zn7AW-GlXgKjFCg&amp;__tn__=-R&lt;br&gt;\" target=\"_blank\" rel=\"noopener\"> Allianz der Regionen &#8211; f\u00fcr ein Europa ohne Atomkraft <\/a><br \/>\nDienstag, 18.9.2018, 14:00h im Schloss Linz<\/p>\n<p>Weitere Informationen:<br \/>\nGabriele Schweiger 0680\/33 33 625<br \/>\nRoland Egger 0680\/23 93 019<\/p>\n","protected":false},"excerpt":{"rendered":"<p>Atomkraft kann das Klima nicht retten! &#8222;Bundesministerin Elisabeth K\u00f6stinger hat den Vorsitz beim informellen Ministerrat Anfang n\u00e4chster Woche in Linz &#8211; die perfekte Gelegenheit also, ihren im Fr\u00fchjahr eingeschlagen Weg in Sache EURATOM einen Schritt weiterzubringen. Ma\u00dfnahmen zum Klimaschutz m\u00fcssen &hellip; <a href=\"https:\/\/www.muettergegenatomgefahr.at\/?p=1437\">Weiterlesen <span class=\"meta-nav\">&rarr;<\/span><\/a><\/p>\n","protected":false},"author":2,"featured_media":0,"comment_status":"open","ping_status":"open","sticky":false,"template":"","format":"standard","meta":{"footnotes":""},"categories":[1],"tags":[],"class_list":["post-1437","post","type-post","status-publish","format-standard","hentry","category-allgemein"],"_links":{"self":[{"href":"https:\/\/www.muettergegenatomgefahr.at\/index.php?rest_route=\/wp\/v2\/posts\/1437","targetHints":{"allow":["GET"]}}],"collection":[{"href":"https:\/\/www.muettergegenatomgefahr.at\/index.php?rest_route=\/wp\/v2\/posts"}],"about":[{"href":"https:\/\/www.muettergegenatomgefahr.at\/index.php?rest_route=\/wp\/v2\/types\/post"}],"author":[{"embeddable":true,"href":"https:\/\/www.muettergegenatomgefahr.at\/index.php?rest_route=\/wp\/v2\/users\/2"}],"replies":[{"embeddable":true,"href":"https:\/\/www.muettergegenatomgefahr.at\/index.php?rest_route=%2Fwp%2Fv2%2Fcomments&post=1437"}],"version-history":[{"count":1,"href":"https:\/\/www.muettergegenatomgefahr.at\/index.php?rest_route=\/wp\/v2\/posts\/1437\/revisions"}],"predecessor-version":[{"id":1438,"href":"https:\/\/www.muettergegenatomgefahr.at\/index.php?rest_route=\/wp\/v2\/posts\/1437\/revisions\/1438"}],"wp:attachment":[{"href":"https:\/\/www.muettergegenatomgefahr.at\/index.php?rest_route=%2Fwp%2Fv2%2Fmedia&parent=1437"}],"wp:term":[{"taxonomy":"category","embeddable":true,"href":"https:\/\/www.muettergegenatomgefahr.at\/index.php?rest_route=%2Fwp%2Fv2%2Fcategories&post=1437"},{"taxonomy":"post_tag","embeddable":true,"href":"https:\/\/www.muettergegenatomgefahr.at\/index.php?rest_route=%2Fwp%2Fv2%2Ftags&post=1437"}],"curies":[{"name":"wp","href":"https:\/\/api.w.org\/{rel}","templated":true}]}}