{"id":1439,"date":"2018-09-14T10:46:46","date_gmt":"2018-09-14T08:46:46","guid":{"rendered":"http:\/\/www.muettergegenatomgefahr.at\/?p=1439"},"modified":"2018-09-14T10:46:46","modified_gmt":"2018-09-14T08:46:46","slug":"atomstopp-hochkaraetige-referent_innen-beim-treffen-allianz-der-regionen","status":"publish","type":"post","link":"https:\/\/www.muettergegenatomgefahr.at\/?p=1439","title":{"rendered":"atomstopp: Hochkar\u00e4tige Referent_innen beim Treffen \u201aAllianz der Regionen\u2019"},"content":{"rendered":"<p><em>Nicht nur EU-Minister_innen gipfeln in Linz!<\/em><\/p>\n<p>&#8222;Nicht nur die EU-Energieminister_innen gipfeln Anfang n\u00e4chster Woche in Linz, wir sehen mit Spannung einem mit hochkar\u00e4tigen Referent_innen besetzten Treffen der &#8218;Allianz der Regionen f\u00fcr einen europaweiten Atomausstieg&#8216; entgegen. Am Dienstag, 18.9.2018, werden ab 14:00h in diesem Rahmen im Linzer Schloss herausragende Expert_innen zum Thema Atomausstieg sprechen. W\u00e4hrend die EU-Minister unter sich bleiben wollen, ist dieses Treffen f\u00fcr die \u00d6ffentlichkeit frei zug\u00e4nglich. Wir empfehlen, sich diese Gelegenheit nicht entgehen zu lassen!&#8220;, informieren Gabriele Schweiger und Roland Egger, Sprecher von atomstopp_oberoesterreich.<\/p>\n<p><strong>D\u00f6rte Fouquet<\/strong>, Juristin f\u00fcr Euroarecht: <em>Wege f\u00fcr eine Reform des EURATOM-Vertrags<\/em><br \/>\n<strong>Hans-Josef Fell<\/strong>, Pr\u00e4sident der Energy Watch Group: <em>Das Desaster der europ\u00e4ischen Atomwirtschaft<\/em><br \/>\n<strong>Nikolaus M\u00fcllner<\/strong>, Stv. Leiter des Instituts f\u00fcr Sicherheits- und Risikowissenschaften BOKU Wien: <em>International Nuclear Risk Assessment Group\u201c INRAG &#8211; wissenschaftliche Forschung \u00fcber nukleare Risiken<\/em><\/p>\n<p>&#8222;Wir begr\u00fc\u00dfen diese von Landesrat Rudi Anschober initiierte, mittlerweile von 15 Regionen aus Belgien, Deutschland und \u00d6sterreich \u00fcberparteilich unterst\u00fctzte Initiative gegen Atomkraft. Sich regional zu organisieren, \u00fcber Parteigrenzen hinweg zu verb\u00fcnden, darin sehen wir einen wertvollen Ansatz f\u00fcr ein Korrektiv zur schwerf\u00e4lligen, EURATOM-dominierten Energiepolitik der Europ\u00e4ischen Union\u201c, so Schweiger und Egger abschlie\u00dfend.<\/p>\n<p><a href=\"http:\/\/www.anschober.at\/politik\/termine\/termindetail\/datum\/4-treffen-der-allianz-der-regionen-fuer-einen-europaweiten-atomausstieg\/\" target=\"_blank\" rel=\"noopener\"> Weitere Informationen zu dieser kostenlosen Veranstaltung finden Sie hier<br \/>\n<\/a><br \/>\nWeitere Informationen:<br \/>\nGabriele Schweiger 0680\/33 33 625<br \/>\nRoland Egger 0680\/23 93 019<\/p>\n","protected":false},"excerpt":{"rendered":"<p>Nicht nur EU-Minister_innen gipfeln in Linz! &#8222;Nicht nur die EU-Energieminister_innen gipfeln Anfang n\u00e4chster Woche in Linz, wir sehen mit Spannung einem mit hochkar\u00e4tigen Referent_innen besetzten Treffen der &#8218;Allianz der Regionen f\u00fcr einen europaweiten Atomausstieg&#8216; entgegen. Am Dienstag, 18.9.2018, werden ab &hellip; <a href=\"https:\/\/www.muettergegenatomgefahr.at\/?p=1439\">Weiterlesen <span class=\"meta-nav\">&rarr;<\/span><\/a><\/p>\n","protected":false},"author":2,"featured_media":0,"comment_status":"open","ping_status":"open","sticky":false,"template":"","format":"standard","meta":{"footnotes":""},"categories":[1],"tags":[],"class_list":["post-1439","post","type-post","status-publish","format-standard","hentry","category-allgemein"],"_links":{"self":[{"href":"https:\/\/www.muettergegenatomgefahr.at\/index.php?rest_route=\/wp\/v2\/posts\/1439","targetHints":{"allow":["GET"]}}],"collection":[{"href":"https:\/\/www.muettergegenatomgefahr.at\/index.php?rest_route=\/wp\/v2\/posts"}],"about":[{"href":"https:\/\/www.muettergegenatomgefahr.at\/index.php?rest_route=\/wp\/v2\/types\/post"}],"author":[{"embeddable":true,"href":"https:\/\/www.muettergegenatomgefahr.at\/index.php?rest_route=\/wp\/v2\/users\/2"}],"replies":[{"embeddable":true,"href":"https:\/\/www.muettergegenatomgefahr.at\/index.php?rest_route=%2Fwp%2Fv2%2Fcomments&post=1439"}],"version-history":[{"count":1,"href":"https:\/\/www.muettergegenatomgefahr.at\/index.php?rest_route=\/wp\/v2\/posts\/1439\/revisions"}],"predecessor-version":[{"id":1440,"href":"https:\/\/www.muettergegenatomgefahr.at\/index.php?rest_route=\/wp\/v2\/posts\/1439\/revisions\/1440"}],"wp:attachment":[{"href":"https:\/\/www.muettergegenatomgefahr.at\/index.php?rest_route=%2Fwp%2Fv2%2Fmedia&parent=1439"}],"wp:term":[{"taxonomy":"category","embeddable":true,"href":"https:\/\/www.muettergegenatomgefahr.at\/index.php?rest_route=%2Fwp%2Fv2%2Fcategories&post=1439"},{"taxonomy":"post_tag","embeddable":true,"href":"https:\/\/www.muettergegenatomgefahr.at\/index.php?rest_route=%2Fwp%2Fv2%2Ftags&post=1439"}],"curies":[{"name":"wp","href":"https:\/\/api.w.org\/{rel}","templated":true}]}}