{"id":1450,"date":"2018-10-15T14:42:13","date_gmt":"2018-10-15T12:42:13","guid":{"rendered":"http:\/\/www.muettergegenatomgefahr.at\/?p=1450"},"modified":"2018-10-15T14:47:49","modified_gmt":"2018-10-15T12:47:49","slug":"atomstopp-zwentendorf-40-im-linzer-wissensturm-bestens-angelaufen","status":"publish","type":"post","link":"https:\/\/www.muettergegenatomgefahr.at\/?p=1450","title":{"rendered":"atomstopp: \u201aZwentendorf.40\u2018 im Linzer Wissensturm bestens angelaufen!"},"content":{"rendered":"<p class=\"untertitel\"><em>Ausstellung wird Kulisse eines Jubil\u00e4umsfestes der Abteilung Umweltschutz O\u00f6<\/em><\/p>\n<p class=\"text\"><i>Linz (OTS)<\/i> &#8211; Auf eine erfolgreiche erste Ausstellungswoche \u201aZwentendorf.40\u2018 im Linzer Wissensturm kann atomstopp zur\u00fcckblicken. &#8222;Schon bei der Er\u00f6ffnung st\u00fcrmten zahlreiche Interessent_innen die \u00fcber zwei Stockwerke f\u00fchrende Geschichtsaufarbeitung zur Antiatom-Bewegung von Zwentendorf bis heute. Und wie bereits w\u00e4hrend des Aufbaus bleibt die Neugier der vielen Besucher_innen verschiedenster Institutionen des Wissensturms ungebrochen. Sooft man eine Kontrollrunde dreht, sind aufmerksam lesende Menschen vor den Schautafeln zu sehen!&#8220;, freuen sich Gabriele Schweiger und Roland Egger \u00fcber den gelungenen Einstand.<\/p>\n<p><a href=\"http:\/\/www.muettergegenatomgefahr.at\/wp-content\/uploads\/nein-02.jpg\"><img loading=\"lazy\" decoding=\"async\" class=\" wp-image-1456 alignleft\" src=\"http:\/\/www.muettergegenatomgefahr.at\/wp-content\/uploads\/nein-02-176x300.jpg\" alt=\"\" width=\"198\" height=\"337\" srcset=\"https:\/\/www.muettergegenatomgefahr.at\/wp-content\/uploads\/nein-02-176x300.jpg 176w, https:\/\/www.muettergegenatomgefahr.at\/wp-content\/uploads\/nein-02.jpg 189w\" sizes=\"auto, (max-width: 198px) 100vw, 198px\" \/><\/a>&#8222;Wir wissen es auch zu sch\u00e4tzen, dass nach der gelungenen Er\u00f6ffnungsfeier unsere Ausstellung abermals zur Veranstaltungs-Kulisse wird: Am Freitag, 19. Oktober, l\u00e4dt die Abteilung Umweltschutz des Amts der O\u00f6. Landesregierung um 18:00 Uhr zu einem Jubil\u00e4umfest f\u00fcr das weichenstellende \u201aNein\u2018 zum AKW Zwentendorf ein. Unter dem Motto \u201aGemeinsam gegen Atomkraft \u2013 ich bin dabei!\u2018 sind alle herzlich willkommen, die sich f\u00fcr das Antiatom-Thema interessieren. Mit Redebeitr\u00e4gen u. a. von Dana Kuchtova, der langj\u00e4hrigen Frontfrau der S\u00fcdb\u00f6hmischen M\u00fctter gegen Atomgefahr oder Peter Weish, einem Urgestein der \u00d6sterreichischen Antiatom-Bewegung, k\u00fcrzlich erst mit dem \u201aNuclear Free Future Awards\u2018 ausgezeichnet, ist f\u00fcr w\u00fcrdige inhaltliche Bereicherung gesorgt. Es gilt, sich jetzt rasch unter <a href=\"https:\/\/www.land-oberoesterreich.gv.at\/207056.htm\" target=\"_blank\" rel=\"noopener\">www.land-oberoesterreich.gv.at\/veranstaltungen<\/a> oder +43(0)732\/7720-14501 anzumelden&#8220;, empfehlen Schweiger und Egger abschlie\u00dfend.<\/p>\n<p><em>Weiterer Hinweis: Am 18. Und 22. Oktober finden in Kooperative mit atomstopp Sondervorf\u00fchrungen des Films <a href=\"http:\/\/www.muettergegenatomgefahr.at\/wp-content\/uploads\/wackersdorf_flyer_moviemento.pdf\">\u201aWackersdorf\u2018 im Linzer Moviemento<\/a> statt, Beginn jeweils 18:00 Uhr. <\/em><strong>Wir verlosen je Vorstellung 2 x 2 Karten<\/strong><em> \u2013 unter allen richtigen Email-Antworten auf die Frage: <\/em><strong>An welchem Tag fand der SPATENSTICH f\u00fcr den Bau des AKW Zwentendorf statt?<\/strong><em> Tipp: Nachschauen auf <\/em><a href=\"https:\/\/zwentendorf40atomstopp.wordpress.com\/\" target=\"_blank\" rel=\"noopener\"><em>www.zwentendorf.atomstopp.at<\/em><\/a><\/p>\n<h3>R\u00fcckfragen &amp; Kontakt:<\/h3>\n<p class=\"text\">Weitere Informationen:<br \/>\nGabriele Schweiger 0680\/33 33 625<br \/>\nRoland Egger 0680\/23 93 019<\/p>\n","protected":false},"excerpt":{"rendered":"<p>Ausstellung wird Kulisse eines Jubil\u00e4umsfestes der Abteilung Umweltschutz O\u00f6 Linz (OTS) &#8211; Auf eine erfolgreiche erste Ausstellungswoche \u201aZwentendorf.40\u2018 im Linzer Wissensturm kann atomstopp zur\u00fcckblicken. &#8222;Schon bei der Er\u00f6ffnung st\u00fcrmten zahlreiche Interessent_innen die \u00fcber zwei Stockwerke f\u00fchrende Geschichtsaufarbeitung zur Antiatom-Bewegung von &hellip; <a href=\"https:\/\/www.muettergegenatomgefahr.at\/?p=1450\">Weiterlesen <span class=\"meta-nav\">&rarr;<\/span><\/a><\/p>\n","protected":false},"author":2,"featured_media":0,"comment_status":"open","ping_status":"open","sticky":false,"template":"","format":"standard","meta":{"footnotes":""},"categories":[1],"tags":[],"class_list":["post-1450","post","type-post","status-publish","format-standard","hentry","category-allgemein"],"_links":{"self":[{"href":"https:\/\/www.muettergegenatomgefahr.at\/index.php?rest_route=\/wp\/v2\/posts\/1450","targetHints":{"allow":["GET"]}}],"collection":[{"href":"https:\/\/www.muettergegenatomgefahr.at\/index.php?rest_route=\/wp\/v2\/posts"}],"about":[{"href":"https:\/\/www.muettergegenatomgefahr.at\/index.php?rest_route=\/wp\/v2\/types\/post"}],"author":[{"embeddable":true,"href":"https:\/\/www.muettergegenatomgefahr.at\/index.php?rest_route=\/wp\/v2\/users\/2"}],"replies":[{"embeddable":true,"href":"https:\/\/www.muettergegenatomgefahr.at\/index.php?rest_route=%2Fwp%2Fv2%2Fcomments&post=1450"}],"version-history":[{"count":5,"href":"https:\/\/www.muettergegenatomgefahr.at\/index.php?rest_route=\/wp\/v2\/posts\/1450\/revisions"}],"predecessor-version":[{"id":1457,"href":"https:\/\/www.muettergegenatomgefahr.at\/index.php?rest_route=\/wp\/v2\/posts\/1450\/revisions\/1457"}],"wp:attachment":[{"href":"https:\/\/www.muettergegenatomgefahr.at\/index.php?rest_route=%2Fwp%2Fv2%2Fmedia&parent=1450"}],"wp:term":[{"taxonomy":"category","embeddable":true,"href":"https:\/\/www.muettergegenatomgefahr.at\/index.php?rest_route=%2Fwp%2Fv2%2Fcategories&post=1450"},{"taxonomy":"post_tag","embeddable":true,"href":"https:\/\/www.muettergegenatomgefahr.at\/index.php?rest_route=%2Fwp%2Fv2%2Ftags&post=1450"}],"curies":[{"name":"wp","href":"https:\/\/api.w.org\/{rel}","templated":true}]}}