{"id":1460,"date":"2018-10-31T12:45:36","date_gmt":"2018-10-31T10:45:36","guid":{"rendered":"http:\/\/www.muettergegenatomgefahr.at\/?p=1460"},"modified":"2018-11-01T12:46:37","modified_gmt":"2018-11-01T10:46:37","slug":"atomstopp-ausstellung-zwentendorf-40-geht-in-die-schlussrunde","status":"publish","type":"post","link":"https:\/\/www.muettergegenatomgefahr.at\/?p=1460","title":{"rendered":"atomstopp: Ausstellung Zwentendorf.40 geht in die Schlussrunde"},"content":{"rendered":"<p><em>\u00d61 berichtet zum Jahrestag der Volksabstimmung \u00fcber die Veranstaltung im Linzer Wissensturm<\/em><\/p>\n<p>Einen ganzen Programmschwerpunkt widmet \u00d61 dem 40. Jahrestag der Volksabstimmung \u00fcber die Inbetriebnahme des AKW Zwentendorf: Gestartet mit dem gestrigen <em>Journal Panorama &#8211; Strahlende Vergangenheit<\/em> geht es am Samstag um 9:05 Uhr in der Sendung <em>H\u00f6rbilder<\/em> weiter und am Montag, 5.11., folgt <em>Punkt Eins<\/em> um 13 Uhr sowie <em>Hundert H\u00e4user<\/em> um 17.25 Uhr.<\/p>\n<p>&#8222;Wir freuen uns, dass mit dem <em>Journal Panorama<\/em> auch unsere Ausstellung Zwentendorf.40 im Linzer Wissensturm in den Fokus ger\u00fcckt wird. Die von Aktivist_innen gut besuchte Er\u00f6ffnungsveranstaltung hatte auch reiche Interview-M\u00f6glichkeiten geboten, die umfassend Raum finden&#8220;, bemerken Gabriele Schweiger und Roland Egger von atomstopp_oberoesterreich.<\/p>\n<p><a href=\"https:\/\/oe1.orf.at\/player\/20181030\/530779\" target=\"_blank\" rel=\"noopener\">Hier kann die gestrige Sendung noch 7 Tage nachgeh\u00f6rt werden<\/a><\/p>\n<p>Noch bis Montag, 5. November kann die Ausstellung Zwentendorf.40 besichtigt werden \u2013 Werktags von 8 bis 18 Uhr, am Samstag von 10 bis 15 Uhr.<\/p>\n<p>&#8222;Ab Montag, 18 Uhr wird die Ausstellung <a href=\"https:\/\/zwentendorf40atomstopp.wordpress.com\/\">Zwentendorf.40<\/a> im Linzer Wissensturm abger\u00e4umt. Wer Lust hat, sich beim Abbau n\u00fctzlich zu machen, ist herzlich eingeladen \u2013 und darf im Gegenzug das eine oder andere Buch aus dem Fundus der M\u00fctter gegen Atomgefahr und atomstopp_atomkraftfrei leben! mit nach Hause nehmen!&#8220;, laden Schweiger und Egger abschlie\u00dfend ein.<\/p>\n<p>Weitere Informationen:<br \/>\nGabriele Schweiger 0680\/33 33 625<br \/>\nRoland Egger 0680\/23 93 019<\/p>\n","protected":false},"excerpt":{"rendered":"<p>\u00d61 berichtet zum Jahrestag der Volksabstimmung \u00fcber die Veranstaltung im Linzer Wissensturm Einen ganzen Programmschwerpunkt widmet \u00d61 dem 40. Jahrestag der Volksabstimmung \u00fcber die Inbetriebnahme des AKW Zwentendorf: Gestartet mit dem gestrigen Journal Panorama &#8211; Strahlende Vergangenheit geht es am &hellip; <a href=\"https:\/\/www.muettergegenatomgefahr.at\/?p=1460\">Weiterlesen <span class=\"meta-nav\">&rarr;<\/span><\/a><\/p>\n","protected":false},"author":2,"featured_media":0,"comment_status":"open","ping_status":"open","sticky":false,"template":"","format":"standard","meta":{"footnotes":""},"categories":[1],"tags":[],"class_list":["post-1460","post","type-post","status-publish","format-standard","hentry","category-allgemein"],"_links":{"self":[{"href":"https:\/\/www.muettergegenatomgefahr.at\/index.php?rest_route=\/wp\/v2\/posts\/1460","targetHints":{"allow":["GET"]}}],"collection":[{"href":"https:\/\/www.muettergegenatomgefahr.at\/index.php?rest_route=\/wp\/v2\/posts"}],"about":[{"href":"https:\/\/www.muettergegenatomgefahr.at\/index.php?rest_route=\/wp\/v2\/types\/post"}],"author":[{"embeddable":true,"href":"https:\/\/www.muettergegenatomgefahr.at\/index.php?rest_route=\/wp\/v2\/users\/2"}],"replies":[{"embeddable":true,"href":"https:\/\/www.muettergegenatomgefahr.at\/index.php?rest_route=%2Fwp%2Fv2%2Fcomments&post=1460"}],"version-history":[{"count":1,"href":"https:\/\/www.muettergegenatomgefahr.at\/index.php?rest_route=\/wp\/v2\/posts\/1460\/revisions"}],"predecessor-version":[{"id":1461,"href":"https:\/\/www.muettergegenatomgefahr.at\/index.php?rest_route=\/wp\/v2\/posts\/1460\/revisions\/1461"}],"wp:attachment":[{"href":"https:\/\/www.muettergegenatomgefahr.at\/index.php?rest_route=%2Fwp%2Fv2%2Fmedia&parent=1460"}],"wp:term":[{"taxonomy":"category","embeddable":true,"href":"https:\/\/www.muettergegenatomgefahr.at\/index.php?rest_route=%2Fwp%2Fv2%2Fcategories&post=1460"},{"taxonomy":"post_tag","embeddable":true,"href":"https:\/\/www.muettergegenatomgefahr.at\/index.php?rest_route=%2Fwp%2Fv2%2Ftags&post=1460"}],"curies":[{"name":"wp","href":"https:\/\/api.w.org\/{rel}","templated":true}]}}