{"id":1467,"date":"2018-12-07T12:04:56","date_gmt":"2018-12-07T10:04:56","guid":{"rendered":"http:\/\/www.muettergegenatomgefahr.at\/?p=1467"},"modified":"2018-12-07T14:16:24","modified_gmt":"2018-12-07T12:16:24","slug":"atomstopp-internationale-vernetzung-gegen-den-euratom-vertrag","status":"publish","type":"post","link":"https:\/\/www.muettergegenatomgefahr.at\/?p=1467","title":{"rendered":"atomstopp: Internationale Vernetzung gegen den EURATOM-Vertrag"},"content":{"rendered":"<p><em>Start der Kampagne zur Aufl\u00f6sung von EURATOM in Paris<\/em><\/p>\n<p>&#8222;Der Unmut \u00fcber die Europ\u00e4ische Atomgemeinschaft EURATOM, also die Privilegienmaschine f\u00fcr die Atomindustrie, fasst nun auch in weiteren europ\u00e4ischen Staaten Fu\u00df \u2013 das ist \u00fcberaus begr\u00fc\u00dfenswert! Am 13. 12. 2018 wird in Paris der Startschuss f\u00fcr eine Kampagne zur &#8218;Abschaffung von EURATOM&#8216; gesetzt. Als Vorlage genommen haben unsere franz\u00f6sischen Kolleg_innen von <a href=\"http:\/\/chainehumaine.fr\/?lang=de\" target=\"_blank\" rel=\"noopener\" data-saferedirecturl=\"https:\/\/www.google.com\/url?q=http:\/\/chainehumaine.fr\/?lang%3Dde&amp;source=gmail&amp;ust=1544263336893000&amp;usg=AFQjCNERKP2Qza2JGIbQfCKjjyEf5gZdxg\">Association R\u00e9action en Cha\u00eene Humaine &#8211; RECH<\/a> sowie <a href=\"http:\/\/www.criirad.org\/\" target=\"_blank\" rel=\"noopener\" data-saferedirecturl=\"https:\/\/www.google.com\/url?q=http:\/\/www.criirad.org\/&amp;source=gmail&amp;ust=1544263336893000&amp;usg=AFQjCNFbL21cVb3XYfl_3fJ8Tb0dq5if5A\">CRIIRAD<\/a> daf\u00fcr unsere <a href=\"http:\/\/www.nec2017.eu\/de\/resolution.php\" target=\"_blank\" rel=\"noopener\" data-saferedirecturl=\"https:\/\/www.google.com\/url?q=http:\/\/www.nec2017.eu\/de\/resolution.php&amp;source=gmail&amp;ust=1544263336893000&amp;usg=AFQjCNGgz-duV9lJYDR9fvDJMxvvh-88Pw\">Resolution f\u00fcr die Aufl\u00f6sung von EURATOM<\/a>, die 2017 im Rahmen der Nuclear Energy Conference in Linz verabschiedet wurde. Aufbereitet f\u00fcr das hochgradig nukle argepr\u00e4gte Frankreich findet die Initiative nun als Petition an Staatpr\u00e4sident Macron einen wichtigen Weitergang!&#8220;, zeigen sich Gabriele Schweiger und Roland Egger von atomstopp_oberoesterreich erfreut.<\/p>\n<p>&#8222;Gerade der franz\u00f6sische Pr\u00e4sident Macron hatte im Zuge der BREXIT-Verhandlungen den Reformbedarf f\u00fcr die Europ\u00e4ische Union erkannt und artikuliert. Auch aus unserem Blickwinkel wird es Ver\u00e4nderung geben m\u00fcssen. Die Voraussetzungen f\u00fcr eine tragf\u00e4hige Energiezukunft f\u00fcr Europa brauchen dringend clevere Strategien. Der EURATOM-Vertrag, der einer einzelnen Stromquelle uneingeschr\u00e4nkte Bevorzugung verbrieften, w\u00e4re dabei h\u00f6chst kontraproduktiv und muss deshalb schleunigst aufgel\u00f6st werden&#8220;, so Schweiger und Egger weiter.<\/p>\n<p>&#8222;atomstopp wird bei der Pressekonferenz zum Startschuss der Kampagne in Paris vertreten sein, um so die franz\u00f6sischen Aktivist_innen zu unterst\u00fctzen und die Bedeutung der n\u00f6tigen internationalen Vernetzung f\u00fcr die Aufl\u00f6sung von EURATOM zu unterstre ichen&#8220;, informieren Schweiger und Egger abschlie\u00dfend.<\/p>\n<p>Weitere Informationen:<br \/>\nGabriele Schweiger ++43680\/33 33 625<br \/>\nRoland Egger ++43680\/23 93 019<br \/>\nKontakt in Frankreich:<br \/>\nChristine Hasse, <a href=\"http:\/\/chainehumaine.fr\/?lang=de\" target=\"_blank\" rel=\"noopener\" data-saferedirecturl=\"https:\/\/www.google.com\/url?q=http:\/\/chainehumaine.fr\/?lang%3Dde&amp;source=gmail&amp;ust=1544263336893000&amp;usg=AFQjCNERKP2Qza2JGIbQfCKjjyEf5gZdxg\">Association R\u00e9action en Cha\u00eene Humaine &#8211; RECH<\/a><br \/>\n++33777\/20 27 71<br \/>\n<a href=\"http:\/\/www.criirad.org\/\" target=\"_blank\" rel=\"noopener\" data-saferedirecturl=\"https:\/\/www.google.com\/url?q=http:\/\/www.criirad.org\/&amp;source=gmail&amp;ust=1544263336893000&amp;usg=AFQjCNFbL21cVb3XYfl_3fJ8Tb0dq5if5A\">CRIIRAD<\/a><\/p>\n","protected":false},"excerpt":{"rendered":"<p>Start der Kampagne zur Aufl\u00f6sung von EURATOM in Paris &#8222;Der Unmut \u00fcber die Europ\u00e4ische Atomgemeinschaft EURATOM, also die Privilegienmaschine f\u00fcr die Atomindustrie, fasst nun auch in weiteren europ\u00e4ischen Staaten Fu\u00df \u2013 das ist \u00fcberaus begr\u00fc\u00dfenswert! Am 13. 12. 2018 wird &hellip; <a href=\"https:\/\/www.muettergegenatomgefahr.at\/?p=1467\">Weiterlesen <span class=\"meta-nav\">&rarr;<\/span><\/a><\/p>\n","protected":false},"author":2,"featured_media":0,"comment_status":"open","ping_status":"open","sticky":false,"template":"","format":"standard","meta":{"footnotes":""},"categories":[1],"tags":[],"class_list":["post-1467","post","type-post","status-publish","format-standard","hentry","category-allgemein"],"_links":{"self":[{"href":"https:\/\/www.muettergegenatomgefahr.at\/index.php?rest_route=\/wp\/v2\/posts\/1467","targetHints":{"allow":["GET"]}}],"collection":[{"href":"https:\/\/www.muettergegenatomgefahr.at\/index.php?rest_route=\/wp\/v2\/posts"}],"about":[{"href":"https:\/\/www.muettergegenatomgefahr.at\/index.php?rest_route=\/wp\/v2\/types\/post"}],"author":[{"embeddable":true,"href":"https:\/\/www.muettergegenatomgefahr.at\/index.php?rest_route=\/wp\/v2\/users\/2"}],"replies":[{"embeddable":true,"href":"https:\/\/www.muettergegenatomgefahr.at\/index.php?rest_route=%2Fwp%2Fv2%2Fcomments&post=1467"}],"version-history":[{"count":2,"href":"https:\/\/www.muettergegenatomgefahr.at\/index.php?rest_route=\/wp\/v2\/posts\/1467\/revisions"}],"predecessor-version":[{"id":1469,"href":"https:\/\/www.muettergegenatomgefahr.at\/index.php?rest_route=\/wp\/v2\/posts\/1467\/revisions\/1469"}],"wp:attachment":[{"href":"https:\/\/www.muettergegenatomgefahr.at\/index.php?rest_route=%2Fwp%2Fv2%2Fmedia&parent=1467"}],"wp:term":[{"taxonomy":"category","embeddable":true,"href":"https:\/\/www.muettergegenatomgefahr.at\/index.php?rest_route=%2Fwp%2Fv2%2Fcategories&post=1467"},{"taxonomy":"post_tag","embeddable":true,"href":"https:\/\/www.muettergegenatomgefahr.at\/index.php?rest_route=%2Fwp%2Fv2%2Ftags&post=1467"}],"curies":[{"name":"wp","href":"https:\/\/api.w.org\/{rel}","templated":true}]}}