{"id":1479,"date":"2019-03-04T12:28:43","date_gmt":"2019-03-04T10:28:43","guid":{"rendered":"http:\/\/www.muettergegenatomgefahr.at\/?p=1479"},"modified":"2019-03-04T12:28:43","modified_gmt":"2019-03-04T10:28:43","slug":"atomstopp-europa-drohen-mit-akw-laufzeitverlaengerungen-nukleare-katastrophen","status":"publish","type":"post","link":"https:\/\/www.muettergegenatomgefahr.at\/?p=1479","title":{"rendered":"atomstopp: Europa drohen mit AKW-Laufzeitverl\u00e4ngerungen nukleare Katastrophen"},"content":{"rendered":"<p><em>Antiatombewegung und verantwortungsbewusste Politiker_innen europaweit sind gefordert!<\/em><\/p>\n<p><strong>Das Gespenst der Laufzeitverl\u00e4ngerungen f\u00fcr Atomreaktoren geht um und stellt damit die Antiatombewegung vor Herausforderungen, die es vorrangig zu bearbeiten gilt. Besonders alarmierend ist, dass aktuell Frankreich, also der gr\u00f6\u00dfte AKW-Staat in Europa, mit einer Konsultation zur Erweiterung der Lebensdauer von gleich dutzenden Anlagen auftritt. Eigentlich f\u00fcr 40 Jahre Laufzeit konzipiert, sollen nun sukzessive Betriebsverl\u00e4ngerungen gesichert werden. Die Missachtung rechtlicher Grundprinzipien ist dabei offensichtlich vorprogrammiert.<\/strong><\/p>\n<p>&#8222;Es ist skandal\u00f6s, dass sich Frankreich \u00fcber vereinbartes Recht, etwa der Aarhus Konvention oder der Espoo Konvention in Bezug auf Beteiligungsverfahren hinwegsetzt . Die atomindustriell gew\u00fcnschte Laufzeitverl\u00e4ngerung f\u00fcr Atomkraftwerke, die laut Herstellungsdesign ihr Ablaufdatum eigentlich erreicht haben, soll ohne vollumf\u00e4ngliche Umsetzung der UVP-Richtlinien (Regulativ zur Umweltverstr\u00e4glichkeitspr\u00fcfung<wbr><\/wbr>) umgesetzt werden&#8220;, reagieren Gabriele Schweiger und Roland Egger von atomstopp_oberoesterreich auf die Anfang M\u00e4rz gestartete <a href=\"https:\/\/concertation.suretenucleaire.fr\/projects\" target=\"_blank\" rel=\"noopener\" data-saferedirecturl=\"https:\/\/www.google.com\/url?q=https:\/\/concertation.suretenucleaire.fr\/projects&amp;source=gmail&amp;ust=1551781449495000&amp;usg=AFQjCNHhdHlOa6xgUrkC7wvutc1Xj9KuzA\">Konsultation<\/a>.<\/p>\n<p>&#8222;Potenzielle Verfahrensteilnehmer_innen k\u00f6nnen hier lediglich einen Kommentar eingeben, auf franz\u00f6sisch, denn die Teilnahme wird ausschlie\u00dflich so angeboten. Zwar steht auf englisch eine Aufschl\u00fcsselung der\u201a<a href=\"https:\/\/concertation.suretenucleaire.fr\/pages\/public-consultation-on-safety-enhancements-to-frances-fleet-of-900-mwe-reactors-on-the-occasion-of-their-4th-periodic-safety-review\" target=\"_blank\" rel=\"noopener\" data-saferedirecturl=\"https:\/\/www.google.com\/url?q=https:\/\/concertation.suretenucleaire.fr\/pages\/public-consultation-on-safety-enhancements-to-frances-fleet-of-900-mwe-reactors-on-the-occasion-of-their-4th-periodic-safety-review&amp;source=gmail&amp;ust=1551781449495000&amp;usg=AFQjCNF2x82eOI0ZNQ7X6guDikjinjHrmA\"> &#8218;Periodischen Sicherheitsverbesserungen f\u00fcr die franz\u00f6sische Flotte von 900 MW-Reaktoren&#8216;<\/a> zur V erf\u00fcgung \u2013 diese stellt jedoch nur die \u00fcbliche Sammlung an Beschwichtigungen dar&#8220;, befinden Schweiger und Egger und k\u00fcndigen an: &#8222;Wir werden und m\u00fcssen uns auf jeden Fall auch systemkritisch im Namen der Unterst\u00fctzer_innen unseres Vereins in das Verfahren einbringen!&#8220;, so Schweiger und Egger abschlie\u00dfend.<\/p>\n<p><strong>Hinweis: Die Nuclear Energy Conference 2019 besch\u00e4ftigt sich schwerpunktm\u00e4\u00dfig mit den Gefahren der Laufzeitverl\u00e4ngerung. PLEX \u2013 Plant Life Extension \u2013 die um sich greifende, gefahrzeitverl\u00e4ngernde Tendenz der Laufzeitverl\u00e4ngerung f\u00fcr AKW wird immer mehr zur Bedrohung f\u00fcr Europa. Die Konferenz findet am 8. Mai 2019 im Linzer Ursulinenhof statt. N\u00e4here Informationen und alle Details zur Anmeldung folgen in K\u00fcrze.<\/p>\n<p><\/strong>Weitere Informationen:<br \/>\nGabriele Schweiger 0680\/33 33 625<br \/>\nRoland Egger 0680\/23 93 019<\/p>\n","protected":false},"excerpt":{"rendered":"<p>Antiatombewegung und verantwortungsbewusste Politiker_innen europaweit sind gefordert! Das Gespenst der Laufzeitverl\u00e4ngerungen f\u00fcr Atomreaktoren geht um und stellt damit die Antiatombewegung vor Herausforderungen, die es vorrangig zu bearbeiten gilt. Besonders alarmierend ist, dass aktuell Frankreich, also der gr\u00f6\u00dfte AKW-Staat in Europa, &hellip; <a href=\"https:\/\/www.muettergegenatomgefahr.at\/?p=1479\">Weiterlesen <span class=\"meta-nav\">&rarr;<\/span><\/a><\/p>\n","protected":false},"author":2,"featured_media":0,"comment_status":"open","ping_status":"open","sticky":false,"template":"","format":"standard","meta":{"footnotes":""},"categories":[1],"tags":[],"class_list":["post-1479","post","type-post","status-publish","format-standard","hentry","category-allgemein"],"_links":{"self":[{"href":"https:\/\/www.muettergegenatomgefahr.at\/index.php?rest_route=\/wp\/v2\/posts\/1479","targetHints":{"allow":["GET"]}}],"collection":[{"href":"https:\/\/www.muettergegenatomgefahr.at\/index.php?rest_route=\/wp\/v2\/posts"}],"about":[{"href":"https:\/\/www.muettergegenatomgefahr.at\/index.php?rest_route=\/wp\/v2\/types\/post"}],"author":[{"embeddable":true,"href":"https:\/\/www.muettergegenatomgefahr.at\/index.php?rest_route=\/wp\/v2\/users\/2"}],"replies":[{"embeddable":true,"href":"https:\/\/www.muettergegenatomgefahr.at\/index.php?rest_route=%2Fwp%2Fv2%2Fcomments&post=1479"}],"version-history":[{"count":1,"href":"https:\/\/www.muettergegenatomgefahr.at\/index.php?rest_route=\/wp\/v2\/posts\/1479\/revisions"}],"predecessor-version":[{"id":1480,"href":"https:\/\/www.muettergegenatomgefahr.at\/index.php?rest_route=\/wp\/v2\/posts\/1479\/revisions\/1480"}],"wp:attachment":[{"href":"https:\/\/www.muettergegenatomgefahr.at\/index.php?rest_route=%2Fwp%2Fv2%2Fmedia&parent=1479"}],"wp:term":[{"taxonomy":"category","embeddable":true,"href":"https:\/\/www.muettergegenatomgefahr.at\/index.php?rest_route=%2Fwp%2Fv2%2Fcategories&post=1479"},{"taxonomy":"post_tag","embeddable":true,"href":"https:\/\/www.muettergegenatomgefahr.at\/index.php?rest_route=%2Fwp%2Fv2%2Ftags&post=1479"}],"curies":[{"name":"wp","href":"https:\/\/api.w.org\/{rel}","templated":true}]}}