{"id":1483,"date":"2019-03-30T10:06:31","date_gmt":"2019-03-30T08:06:31","guid":{"rendered":"http:\/\/www.muettergegenatomgefahr.at\/?p=1483"},"modified":"2019-03-30T10:07:40","modified_gmt":"2019-03-30T08:07:40","slug":"nuclear-energy-conference-2019-zur-laufzeitverlaengerung-alter-atomreaktoren","status":"publish","type":"post","link":"https:\/\/www.muettergegenatomgefahr.at\/?p=1483","title":{"rendered":"Nuclear Energy Conference 2019 zur Laufzeitverl\u00e4ngerung alter Atomreaktoren"},"content":{"rendered":"<p><strong>atomstopp_atomkraftfrei leben!,<br \/>\n<\/strong><strong>Anti Atom Komitee und<br \/>\nM\u00fctter gegen Atomgefahr <a href=\"http:\/\/www.muettergegenatomgefahr.at\/wp-content\/uploads\/banner_nec2019.jpg\"><img loading=\"lazy\" decoding=\"async\" class=\"wp-image-1486 alignright\" src=\"http:\/\/www.muettergegenatomgefahr.at\/wp-content\/uploads\/banner_nec2019-300x134.jpg\" alt=\"\" width=\"364\" height=\"163\" srcset=\"https:\/\/www.muettergegenatomgefahr.at\/wp-content\/uploads\/banner_nec2019-300x134.jpg 300w, https:\/\/www.muettergegenatomgefahr.at\/wp-content\/uploads\/banner_nec2019-768x343.jpg 768w, https:\/\/www.muettergegenatomgefahr.at\/wp-content\/uploads\/banner_nec2019-1024x457.jpg 1024w\" sizes=\"auto, (max-width: 364px) 100vw, 364px\" \/><\/a>laden ein: <\/strong><\/p>\n<p>Internationale Tagung in Linz zu brandgef\u00e4hrlichen Pl\u00e4nen der Atomindustrie<\/p>\n<p><strong>LAUFZEIT.VERL\u00c4NGERT.GEFAHR \u2013 unter diesem Titel wird heuer in Linz die bereits 6. Nuclear Energy Conference, die <a href=\"http:\/\/www.nec2019.eu\/de\" target=\"_blank\" rel=\"noopener\" data-saferedirecturl=\"https:\/\/www.google.com\/url?q=http:\/\/www.nec2019.eu\/de&amp;source=gmail&amp;ust=1553971659352000&amp;usg=AFQjCNHk7EWQN5ZdGP6VoIeIfkQn_CTSMA\"> NEC 2019<\/a>, \u00fcber die B\u00fchne gehen. Am 8. Mai treffen diesmal im ober\u00f6sterreichischen Landeskulturzentrum Ursulinenhof internationale Expert_innen sowie Vertreter_innen aus Politik und Zivilgesellschaft zusammen, um die aktuelle, brandgef\u00e4hrliche Tendenz zur Laufzeitverl\u00e4ngerung von Atomreaktoren, die eigentlich am E nde ihrer designten Lebensdauer angekommen sind, zu er\u00f6rtern, zu diskutieren \u2013 und vor allem, um geeignete Gegenstrategien zu entwickeln.<\/strong><\/p>\n<p>&#8222;Wie in vielen Bereichen herrscht auch im Umgang mit dem Auslaufmodell &#8218;Kernenergie&#8216; in Europa eine enorme Ungleichzeitigkeit. W\u00e4hrend etwa in Deutschland der Ausstiegsbeschluss planm\u00e4\u00dfig Umsetzung findet und sich die Energiewirtschaft die klare Leadership in Sachen Energiewende gesichert hat, tritt man in anderen Staaten einfallslos, aber um so konsequenter auf der Stelle. Der Herausforderung an eine zuk\u00fcnftige Energieversorgung wird besonders in Frankreich, Finnland, Tschechien und mehreren anderen L\u00e4ndern fatalerweise mit dem simplen Trick begegnet, die Abschalttermine f\u00fcr technisch l\u00e4ngst \u00fcberholte Atomreaktoren drastisch hinauszuz\u00f6gern. Diese scheinbar billige L\u00f6sung ist aber in Wahrheit nicht nur finanziell desastr\u00f6s, sondern stellt auch eine fahrl\u00e4ssige Gef\u00e4hrdung f\u00fcr ganz Europa dar!&#8220;, warnen Gabriele Schweiger und Rol and Egger vom Linzer Verein atomstopp, dem Hauptorganisator der <a href=\"http:\/\/www.nec2019.eu\/de\" target=\"_blank\" rel=\"noopener\" data-saferedirecturl=\"https:\/\/www.google.com\/url?q=http:\/\/www.nec2019.eu\/de&amp;source=gmail&amp;ust=1553971659352000&amp;usg=AFQjCNHk7EWQN5ZdGP6VoIeIfkQn_CTSMA\"> NEC 2019<\/a>. Gemeinsam mit dem Anti Atom Komitee und den M\u00fcttern gegen Atomgefahr aus Freistadt sorgen die 3 Organisationen f\u00fcr die erfolgreiche Abwicklung des Meetings, das vom Land Ober\u00f6sterreich erm\u00f6glicht wird.<\/p>\n<p>&#8222;Laufzeit verl\u00e4ngert, Gefahrzeit verl\u00e4ngert \u2013 ein logischer Schluss. Doch es bleibt nicht dabei, denn die Gefahr wird nicht nur verl\u00e4ngert, sondern auch erh\u00f6ht. Jede technische Anlage, je komplexer desto sensibler, wird durch Materialabnutzung und Alterung st\u00f6ranf\u00e4lliger. Gerade bei den ohnehin schon risikobehafteten Atomreaktoren hat dieses Ph\u00e4nomen eine besondere Tragweite. Bei der NEC2019 steht deshalb eine Studie dazu im Zentrum, die umfassend wissenschaftliche Belege daf\u00fcr liefern wird. Wir freuen uns, dass einige der Studienautor_innen Ergebnisse ihrer Arbeit bei der <a href=\"http:\/\/www.nec2019.eu\/de\" target=\"_blank\" rel=\"noopener\" data-saferedirecturl=\"https:\/\/www.google.com\/url?q=http:\/\/www.nec2019.eu\/de&amp;source=gmail&amp;ust=1553971659352000&amp;usg=AFQjCNHk7EWQN5ZdGP6VoIeIfkQn_CTSMA\"> NEC 2019<\/a> vors tellen werden&#8220;, so Schweiger und Egger.<\/p>\n<p>In Auftrag gegeben wurde die Studie durch die von Landesrat Rudi Anschober initiierten &#8218;Allianz der Regionen&#8216;, erstellt wird sie von der <a href=\"http:\/\/www.inrag.org\/\" target=\"_blank\" rel=\"noopener\" data-saferedirecturl=\"https:\/\/www.google.com\/url?q=http:\/\/www.inrag.org\/&amp;source=gmail&amp;ust=1553971659352000&amp;usg=AFQjCNFaEH_U5EmVtA2YTJ8fRDtdKEExDw\"> International Nuclear Risk Assessment Group INRAG<\/a>, einer weltweit agierenden Plattform unabh\u00e4ngiger Expert_innen zur Erforschung und Entsch\u00e4rfung des nuklearen Risikos. Aus dieser Gruppe wird Wolfgang Renneberg, Physiker und Jurist, mit seiner Keynote-Rede zum Thema beitragen, Oda Becker und Nikolaus M\u00fcllner gehen in ihrem Referat speziell auf die technischen Details ein.<\/p>\n<p>Weitere Vortragende stellen Situationen in einzelnen Atomstaaten dar: Dalibor Strasky f\u00fcr Tschechien, Leo \u0160e\u0161erko f\u00fcr Slowenien, J\u00f3zsef K\u00f3bor f\u00fcr Ungarn, Ulla Kl\u00f6tzer f\u00fcr Finnland und Bruno Chareyron f\u00fcr Frankreich.<\/p>\n<p>Einen weiteren, nicht unwesentlichen Aspekt der Laufzeitverl\u00e4ngerung von AKW beleuchtet der Schweizer \u00d6konom Kaspar M\u00fcller: Er besch\u00e4ftigt si ch mit der fragw\u00fcrdigen wirtschaftlichen Perspektive des k\u00fcnstlichen Hinausz\u00f6gerns des Ablaufdatums von Reaktoren. Last not least wird Umweltaktivistin Patricia Lorenz von Global2000 und Friends of the Earth Einblick geben in die Reihe der rechtlichen Optionen sowie die Spielr\u00e4ume gesetzlicher Regelungen zum rechtzeitigen Aus f\u00fcr Kernkraftwerke.<\/p>\n<p>&#8222;Wir freuen uns, dass wir auch heuer wieder aus einem reichen Pool an Expertisen sch\u00f6pfen und so ein umfassendes Programm zusammenstellen konnten. Die Teilnahme an der Konferenz ist kostenlos, die Anzahl der Registrierungen jedoch begrenzt. Wir laden deshalb ein, sich m\u00f6glichst rasch f\u00fcr die <a href=\"http:\/\/www.nec2019.eu\/de\" target=\"_blank\" rel=\"noopener\" data-saferedirecturl=\"https:\/\/www.google.com\/url?q=http:\/\/www.nec2019.eu\/de&amp;source=gmail&amp;ust=1553971659352000&amp;usg=AFQjCNHk7EWQN5ZdGP6VoIeIfkQn_CTSMA\"> NEC 2019<\/a> unter <a href=\"http:\/\/www.nec2019.eu\/de\/registration.php\" target=\"_blank\" rel=\"noopener\" data-saferedirecturl=\"https:\/\/www.google.com\/url?q=http:\/\/www.nec2019.eu\/de\/registration.php&amp;source=gmail&amp;ust=1553971659352000&amp;usg=AFQjCNE9gf-sK44wtfF4OGv_bxem4w7EXA\"> office@anti.atom.at<\/a> anzumelden&#8220;, so Schweiger und Egger abschlie\u00dfend.<\/p>\n<p>Weitere Informationen:<br \/>\nGabriele Schweiger 0680\/33 33 625<br \/>\nRoland Egger 0680\/23 93 019<\/p>\n<p><em>Hinweis: Mit der Nuclear Energy Conference, die 2014 gestartet wurde und die seither j\u00e4hrlich abwechselnd zwischen Prag und Linz stattfindet, konnte eine mittlerweile international h\u00f6chst anerkannte Konferenzserie etabliert werden, die dem Diskurs zu wirtschaftlichen, technischen und juristischen Aspekten zum Europaweiten Atomausstieg Plattform bietet.<\/em><\/p>\n<p>&nbsp;<\/p>\n","protected":false},"excerpt":{"rendered":"<p>atomstopp_atomkraftfrei leben!, Anti Atom Komitee und M\u00fctter gegen Atomgefahr laden ein: Internationale Tagung in Linz zu brandgef\u00e4hrlichen Pl\u00e4nen der Atomindustrie LAUFZEIT.VERL\u00c4NGERT.GEFAHR \u2013 unter diesem Titel wird heuer in Linz die bereits 6. Nuclear Energy Conference, die NEC 2019, \u00fcber die &hellip; <a href=\"https:\/\/www.muettergegenatomgefahr.at\/?p=1483\">Weiterlesen <span class=\"meta-nav\">&rarr;<\/span><\/a><\/p>\n","protected":false},"author":2,"featured_media":0,"comment_status":"open","ping_status":"open","sticky":false,"template":"","format":"standard","meta":{"footnotes":""},"categories":[1],"tags":[],"class_list":["post-1483","post","type-post","status-publish","format-standard","hentry","category-allgemein"],"_links":{"self":[{"href":"https:\/\/www.muettergegenatomgefahr.at\/index.php?rest_route=\/wp\/v2\/posts\/1483","targetHints":{"allow":["GET"]}}],"collection":[{"href":"https:\/\/www.muettergegenatomgefahr.at\/index.php?rest_route=\/wp\/v2\/posts"}],"about":[{"href":"https:\/\/www.muettergegenatomgefahr.at\/index.php?rest_route=\/wp\/v2\/types\/post"}],"author":[{"embeddable":true,"href":"https:\/\/www.muettergegenatomgefahr.at\/index.php?rest_route=\/wp\/v2\/users\/2"}],"replies":[{"embeddable":true,"href":"https:\/\/www.muettergegenatomgefahr.at\/index.php?rest_route=%2Fwp%2Fv2%2Fcomments&post=1483"}],"version-history":[{"count":1,"href":"https:\/\/www.muettergegenatomgefahr.at\/index.php?rest_route=\/wp\/v2\/posts\/1483\/revisions"}],"predecessor-version":[{"id":1487,"href":"https:\/\/www.muettergegenatomgefahr.at\/index.php?rest_route=\/wp\/v2\/posts\/1483\/revisions\/1487"}],"wp:attachment":[{"href":"https:\/\/www.muettergegenatomgefahr.at\/index.php?rest_route=%2Fwp%2Fv2%2Fmedia&parent=1483"}],"wp:term":[{"taxonomy":"category","embeddable":true,"href":"https:\/\/www.muettergegenatomgefahr.at\/index.php?rest_route=%2Fwp%2Fv2%2Fcategories&post=1483"},{"taxonomy":"post_tag","embeddable":true,"href":"https:\/\/www.muettergegenatomgefahr.at\/index.php?rest_route=%2Fwp%2Fv2%2Ftags&post=1483"}],"curies":[{"name":"wp","href":"https:\/\/api.w.org\/{rel}","templated":true}]}}