{"id":1495,"date":"2019-04-09T21:01:00","date_gmt":"2019-04-09T19:01:00","guid":{"rendered":"http:\/\/www.muettergegenatomgefahr.at\/?p=1495"},"modified":"2019-04-09T21:01:00","modified_gmt":"2019-04-09T19:01:00","slug":"atomstopp-60-laeufer_innen-gegen-atomkraft-und-fuer-atomstopp","status":"publish","type":"post","link":"https:\/\/www.muettergegenatomgefahr.at\/?p=1495","title":{"rendered":"atomstopp: 60 L\u00e4ufer_innen gegen Atomkraft &#8211; und f\u00fcr atomstopp"},"content":{"rendered":"<p><span id=\"ucPreviewMsg_lblMessage\" class=\"PreviewMsgText visualIEFloatFix\"><em>EURATOM ABSCHAFFEN \u0096 lautet die Botschaft beim Linz-Marathon 2019<\/em><\/p>\n<p>&#8222;Dutzende L\u00e4uferinnen und L\u00e4ufer starten mit gewohntem Elan beim heurigen <a href=\"https:\/\/www.linzmarathon.at\/de\" target=\"_blank\" rel=\"noopener\"> Linz-Marathon<\/a> am Sonntag, 14. April, f\u00fcr atomstopp \u0096 und setzen damit ein kr\u00e4ftiges Zeichen f\u00fcr den europaweiten Atomausstieg! EURATOM ABSCHAFFEN lautet deshalb die heurige Botschaft, denn es ist sonnenklar, dass ein Aus f\u00fcr die Atomenergie nicht gelingen kann, solang es den EURATOM-Vertrag gibt. EURATOM, die Europ\u00e4ische Atomgemeinschaft, ist ein Relikt aus dem Jahr 1957 und legt vertraglich fest, dass Atomkraft in den EU-Staaten gegen\u00fcber allen anderen Energieformen bevorzugt werden soll. Logisch also, dass dieser Vertrag aus dem Weg ger\u00e4umt werden muss, um dem europaweiten Atomausstieg zum Durchbruch zu verhelfen. Rund 60 hochambitionierte Sportler_innen scharren sozusagen schon f\u00fcr diese Mission in den Startl\u00f6chern!&#8220;, freuen sich Gabriele Schweiger und Roland Egger von atomstopp_oberoesterreich.<\/p>\n<p>&#8222;Alle EU-Staaten, die keine Atomkraft nutzen oder den Ausstieg beschlossen haben, m\u00fcssen sich jetzt zusammen tun, um die Energieversorgung f\u00fcr Europa zukunftsfit und nachhaltig zu sichern. Vielerorts ist die Energiewende erfolgreich in Gang gesetzt, das ist gut, aber solange via EURATOM die Atomindustrie privilegiert und gesch\u00fctzt wird, kann sich am gro\u00dfen Ganzen nichts wirklich entscheidend wenden. Das Bewusstsein daf\u00fcr muss auch in anderen Staaten gesch\u00e4rft werden. Der Grundstein f\u00fcr die internationale Vernetzung zu diesem Anliegen ist auf NGO-Ebene gelegt, Kampagnen f\u00fcr die Aufl\u00f6sung von EURATOM gibt es mittlerweile auch in Frankreich von <a href=\"http:\/\/chainehumaine.fr\/petition-nous-demandons-labolition-du-traite-euratom\/?lang=de\/target=\">R.E.C.H.<\/a> und <a href=\"http:\/\/www.criirad .org\/\" target=\"_blank\" rel=\"noopener\">CRIIRAD<\/a> sowie in Deutschland von <a href=\"https:\/\/cattenomnonmerciorg.wordpress.com\/frau-hoefgen-klagen-sie-gegen-den-weiterbetrieb-der-gefahrenmeiler-cattenom\/target=\">Cattenom non merci<\/a> oder <a href=\"https:\/\/www.ausgestrahlt.de\/aktionen\/euratom\/\" target=\"_blank\" rel=\"noopener\">.ausgestrahlt <\/a>. Jetzt gilt es, diese Forderung nach Allianzen gegen EURATOM auch bei der Politik anzukurbeln&#8220;, so Schweiger und Egger.<\/p>\n<p>&#8222;Um f\u00fcr EU-Vertr\u00e4ge eine Ver\u00e4nderung in Richtung Zukunftstauglichkeit zu erreichen, braucht es nat\u00fcrlich Ausdauer und ein Ziel vor Augen \u0096 ganz so wie unsere Marathon-L\u00e4ufer_innen das demonstrieren. Doch jeder Lauf beginnt auch mit ersten Schritten. Die Staats- und Regierungschefs der atomkritischen EU-Staaten sind gefragt, allen voran Bundeskanzler Kurz, denn dass \u00d6sterreich noch immer unreflektiert Mitglied von EURATOM ist, kann rational sowieso nicht erkl\u00e4rt werden. \u00d6sterreich mit seinem Atomsperrgesetz hat dabei eine besondere Veran twortung und ist nachgerade verpflichtet dazu, f\u00fcr das ABSCHAFFEN von EURATOM die ersten Schritte zu setzen!&#8220;, geben sich Schweiger und Egger abschlie\u00dfend \u00fcberzeugt.<\/p>\n<p><em>Hinweis: Aufgrund eines verletzungsbedingten Ausfalls k\u00f6nnen wir noch einen Startplatz anbieten \u0096 einfach rasch melden unter<\/em> post@atomstopp.at<\/p>\n<p>Weitere Informationen:<br \/>\nGabriele Schweiger + 43 680 33 33 625<br \/>\nRoland Egger + 43 680 23 93 019<\/span><\/p>\n","protected":false},"excerpt":{"rendered":"<p>EURATOM ABSCHAFFEN \u0096 lautet die Botschaft beim Linz-Marathon 2019 &#8222;Dutzende L\u00e4uferinnen und L\u00e4ufer starten mit gewohntem Elan beim heurigen Linz-Marathon am Sonntag, 14. April, f\u00fcr atomstopp \u0096 und setzen damit ein kr\u00e4ftiges Zeichen f\u00fcr den europaweiten Atomausstieg! EURATOM ABSCHAFFEN lautet &hellip; <a href=\"https:\/\/www.muettergegenatomgefahr.at\/?p=1495\">Weiterlesen <span class=\"meta-nav\">&rarr;<\/span><\/a><\/p>\n","protected":false},"author":2,"featured_media":0,"comment_status":"open","ping_status":"open","sticky":false,"template":"","format":"standard","meta":{"footnotes":""},"categories":[1],"tags":[],"class_list":["post-1495","post","type-post","status-publish","format-standard","hentry","category-allgemein"],"_links":{"self":[{"href":"https:\/\/www.muettergegenatomgefahr.at\/index.php?rest_route=\/wp\/v2\/posts\/1495","targetHints":{"allow":["GET"]}}],"collection":[{"href":"https:\/\/www.muettergegenatomgefahr.at\/index.php?rest_route=\/wp\/v2\/posts"}],"about":[{"href":"https:\/\/www.muettergegenatomgefahr.at\/index.php?rest_route=\/wp\/v2\/types\/post"}],"author":[{"embeddable":true,"href":"https:\/\/www.muettergegenatomgefahr.at\/index.php?rest_route=\/wp\/v2\/users\/2"}],"replies":[{"embeddable":true,"href":"https:\/\/www.muettergegenatomgefahr.at\/index.php?rest_route=%2Fwp%2Fv2%2Fcomments&post=1495"}],"version-history":[{"count":1,"href":"https:\/\/www.muettergegenatomgefahr.at\/index.php?rest_route=\/wp\/v2\/posts\/1495\/revisions"}],"predecessor-version":[{"id":1496,"href":"https:\/\/www.muettergegenatomgefahr.at\/index.php?rest_route=\/wp\/v2\/posts\/1495\/revisions\/1496"}],"wp:attachment":[{"href":"https:\/\/www.muettergegenatomgefahr.at\/index.php?rest_route=%2Fwp%2Fv2%2Fmedia&parent=1495"}],"wp:term":[{"taxonomy":"category","embeddable":true,"href":"https:\/\/www.muettergegenatomgefahr.at\/index.php?rest_route=%2Fwp%2Fv2%2Fcategories&post=1495"},{"taxonomy":"post_tag","embeddable":true,"href":"https:\/\/www.muettergegenatomgefahr.at\/index.php?rest_route=%2Fwp%2Fv2%2Ftags&post=1495"}],"curies":[{"name":"wp","href":"https:\/\/api.w.org\/{rel}","templated":true}]}}