{"id":1504,"date":"2019-04-24T11:05:28","date_gmt":"2019-04-24T09:05:28","guid":{"rendered":"http:\/\/www.muettergegenatomgefahr.at\/?p=1504"},"modified":"2019-04-27T11:06:09","modified_gmt":"2019-04-27T09:06:09","slug":"atomstopp-wer-traegt-antiatompolitik-am-besten-nach-europa","status":"publish","type":"post","link":"https:\/\/www.muettergegenatomgefahr.at\/?p=1504","title":{"rendered":"atomstopp: Wer tr\u00e4gt Antiatompolitik am besten nach Europa?"},"content":{"rendered":"<p><span id=\"ucPreviewMsg_lblMessage\" class=\"PreviewMsgText visualIEFloatFix\"><em>atomstopp stellt Fragen an Kandidat_innen zur EU-Wahl 2019<\/em><\/span><\/p>\n<p>&#8222;Zur bevorstehenden EU-Wahl haben wir den wahlwerbenden Delegationen Fragen gestellt. Ganz spezifisch antiatompolitische nat\u00fcrlich, denn wir wollen f\u00fcr die Unterst\u00fctzer_innen unseres Vereins herausfinden, was die m\u00f6glichen zuk\u00fcnftigen Abgeordneten im Europaparlament f\u00fcr unsere Sache zu tun bereit sind&#8220;, lassen Gabriele Schweiger und Roland Egger von atomstopp_oberoesterreich wissen.<\/p>\n<p>&#8222;\u00d6sterreichische Abgeordnete zum Europaparlament haben aus unserer Sicht eine besondere Verantwortung, den Atomausstieg auf EU-Ebene voranzutreiben \u0096 das nationale Atomsperrgesetz aus 1978 verpflichtet nachgerade dazu. Zuerst haben wir also die ganz grunds\u00e4tzliche Haltung zur Atomkraft der Wahlwerber_innen abgefragt: Etwa ob sie Atomkraft als Beitrag zum Klimaschutz f\u00fcr vorstellb ar halten oder welchen Stellenwert eine Energiezukunft ohne Atomkraft \u00fcberhaupt hat bzw. wie hoch die Bereitschaft ist, sich auch gestaltend in relevanten Aussch\u00fcssen zu engagieren&#8220;, erl\u00e4utern Schweiger und Egger weiter.<\/p>\n<p>&#8222;Besonders interessant sind f\u00fcr uns die EURATOM-kritischen Fragen. Werden angehende EU-Parlamentarier_innen aktiv anfechten, dass der EURATOM-Vertrag jede transparente und demokratische Beteiligung ihres Gremiums in alle wesentlichen Entscheidungsfindungen praktisch unterbindet? Wie stehen sie zur mittlerweile auch auf internationaler NGO-Ebene breit mitgetragenen Forderung nach Abschaffung des Vertrags-Relikts aus dem Jahr 1957? Wer w\u00fcrde auch einen einseitigen Ausstieg aus dem Vertrag als m\u00f6gliches Ver\u00e4nderungspotenzial unterst\u00fctzen?&#8220;, so Schweiger und Egger weiter.<\/p>\n<p>&#8222;Letztlich gilt es auch noch, die Positionen und Handlungsoptionen in der Frage der Haftpflichtversicherung f\u00fcr AKW sowie zur Bek\u00e4mpfung der hochbrisanten Tendenz zur Laufzeitverl \u00e4ngerung veralteter Atomreaktoren zu ermitteln. Wir sind schon gespannt, wie die Antworten ausfallen und fordern die Wahlwerber_innen aller Listen auf, ihre Eingaben bis sp\u00e4testens 15. Mai an uns zu senden. Auf jeden Fall werden wir noch rechtzeitig vor dem Urnengang die jeweiligen Resonanzen ver\u00f6ffentlichen!&#8220;, stellen Schweiger und Egger abschlie\u00dfend klar.<\/p>\n<p>Ein ausf\u00fchrlicher Bericht zu den Fragen an die Kandidat_innen findet sich auch in unserer Radiosendung von 23.4. im <a href=\"https:\/\/www.frf.at\/\" target=\"_blank\" rel=\"noopener\"> Freien Radio Freistadt<\/a>, nachzuh\u00f6ren <a href=\"https:\/\/cba.fro.at\/403887\" target=\"_blank\" rel=\"noopener\"> HIER <\/a><\/p>\n<p>Weitere Informationen:<br \/>\nGabriele Schweiger 0680\/33 33 625<br \/>\nRoland Egger 0680\/23 93 019<\/p>\n","protected":false},"excerpt":{"rendered":"<p>atomstopp stellt Fragen an Kandidat_innen zur EU-Wahl 2019 &#8222;Zur bevorstehenden EU-Wahl haben wir den wahlwerbenden Delegationen Fragen gestellt. Ganz spezifisch antiatompolitische nat\u00fcrlich, denn wir wollen f\u00fcr die Unterst\u00fctzer_innen unseres Vereins herausfinden, was die m\u00f6glichen zuk\u00fcnftigen Abgeordneten im Europaparlament f\u00fcr unsere &hellip; <a href=\"https:\/\/www.muettergegenatomgefahr.at\/?p=1504\">Weiterlesen <span class=\"meta-nav\">&rarr;<\/span><\/a><\/p>\n","protected":false},"author":2,"featured_media":0,"comment_status":"open","ping_status":"open","sticky":false,"template":"","format":"standard","meta":{"footnotes":""},"categories":[1],"tags":[],"class_list":["post-1504","post","type-post","status-publish","format-standard","hentry","category-allgemein"],"_links":{"self":[{"href":"https:\/\/www.muettergegenatomgefahr.at\/index.php?rest_route=\/wp\/v2\/posts\/1504","targetHints":{"allow":["GET"]}}],"collection":[{"href":"https:\/\/www.muettergegenatomgefahr.at\/index.php?rest_route=\/wp\/v2\/posts"}],"about":[{"href":"https:\/\/www.muettergegenatomgefahr.at\/index.php?rest_route=\/wp\/v2\/types\/post"}],"author":[{"embeddable":true,"href":"https:\/\/www.muettergegenatomgefahr.at\/index.php?rest_route=\/wp\/v2\/users\/2"}],"replies":[{"embeddable":true,"href":"https:\/\/www.muettergegenatomgefahr.at\/index.php?rest_route=%2Fwp%2Fv2%2Fcomments&post=1504"}],"version-history":[{"count":2,"href":"https:\/\/www.muettergegenatomgefahr.at\/index.php?rest_route=\/wp\/v2\/posts\/1504\/revisions"}],"predecessor-version":[{"id":1506,"href":"https:\/\/www.muettergegenatomgefahr.at\/index.php?rest_route=\/wp\/v2\/posts\/1504\/revisions\/1506"}],"wp:attachment":[{"href":"https:\/\/www.muettergegenatomgefahr.at\/index.php?rest_route=%2Fwp%2Fv2%2Fmedia&parent=1504"}],"wp:term":[{"taxonomy":"category","embeddable":true,"href":"https:\/\/www.muettergegenatomgefahr.at\/index.php?rest_route=%2Fwp%2Fv2%2Fcategories&post=1504"},{"taxonomy":"post_tag","embeddable":true,"href":"https:\/\/www.muettergegenatomgefahr.at\/index.php?rest_route=%2Fwp%2Fv2%2Ftags&post=1504"}],"curies":[{"name":"wp","href":"https:\/\/api.w.org\/{rel}","templated":true}]}}