{"id":1513,"date":"2019-05-04T19:29:39","date_gmt":"2019-05-04T17:29:39","guid":{"rendered":"http:\/\/www.muettergegenatomgefahr.at\/?p=1513"},"modified":"2019-05-04T20:00:18","modified_gmt":"2019-05-04T18:00:18","slug":"atomstopp-an-kanzler-kurz-neuverhandlung-der-eu-vertraege-vorrangig-fuer-euratom","status":"publish","type":"post","link":"https:\/\/www.muettergegenatomgefahr.at\/?p=1513","title":{"rendered":"atomstopp an Kanzler Kurz: Neuverhandlung der EU-Vertr\u00e4ge vorrangig f\u00fcr EURATOM"},"content":{"rendered":"<p><span id=\"ucPreviewMsg_lblMessage\" class=\"PreviewMsgText visualIEFloatFix\"><em>Schutz und Privilegierung der Atomindustrie in Europa haben ausgedient!<\/em><\/span><\/p>\n<p>&#8222;Bundeskanzler Sebastian Kurz m\u00f6chte also dem EU-Vertrag ein Update verpassen \u2013 \u0096 dieser Forderung k\u00f6nnen wir durchaus etwas abgewinnen! Es ist aus unserer Sicht l\u00e4ngst \u00fcberf\u00e4llig, wichtige EU-Grundlagen in die Jetztzeit zu holen, ganz besonders betrifft das den EURATOM-Vertrag. Dieser stammt sage &amp; schreibe aus dem Jahr 1957(!) und hat, \u0096 zumal als Prim\u00e4rrecht fixiert, auch entsprechend anachronistische Auswirkungen auf die europ\u00e4ische Energiepolitik. Genauer gesagt ist dieses m\u00e4chtige Papier die einzige Grundlage daf\u00fcr, dass die Atomindustrie immer noch existieren kann. Ohne die daraus abgeleitete Protektion, ohne dem darin festgeschriebenen Ziel, alle Voraussetzungen f\u00fcr eine m\u00e4chtige Atomindustrie in Europa schaffen zu wollen, w\u00e4re Atomkraft l\u00e4ngst Geschichte&#8220;, reagieren Gabriele Schweiger und Roland Egger von atomstopp_oberoesterreich auf die Aussagen von Bundeskanzler Kurz zum EU-Wahlkampfauftakt der \u00d6VP.<\/p>\n<p>&#8222;Wir empfehlen Kanzler Kurz dringend, bei dem von ihm geforderten Umbau der Europ\u00e4ischen Union vorrangig die Europ\u00e4ische Atomgemeinschaft in Angriff zu nehmen. Die Vors\u00e4tze in der \u00f6sterreichischen, aber auch in der deutschen Koalitionsvereinbarung, n\u00e4mlich den EURATOM-Vertrag an die Herausforderungen der Zukunft anzupassen, m\u00fcssen endlich in Tat umgesetzt werden!&#8220;, mahnen Schweiger und Egger ein.<\/p>\n<p>&#8222;Konkret fordern wir die <a href=\"http:\/\/www.nec2017.eu\/de\/resolution.php\" target=\"_blank\" rel=\"noopener\"> Abschaffung des EURATOM-Vertrags<\/a> in seiner jetzigen Form, da sind wir mit internationalen Antiatom-Kolleg_innen einig. Tausende Unterschriften wurden in den letzten Monaten dazu bereits gesammelt, etwa in Deutschland von den Organisationen <a href=\"https:\/\/cattenomnonmerciorg.wordpress.com\/frau-hoefgen-kl agen-sie-gegen-den-weiterbetrieb-der-gefahrenmeiler-cattenom\/\" target=\"_blank\" rel=\"noopener\"> Cattenom non mercie<\/a> oder <a href=\"https:\/\/www.ausgestrahlt.de\/aktionen\/euratom\/\" target=\"_blank\" rel=\"noopener\"> .ausgestrahlt,<\/a>, in Frankreich von <a href=\"http:\/\/chainehumaine.fr\/?lang=de\" target=\"_blank\" rel=\"noopener\"> R\u00e9action en cha\u00eene humaine<\/a> und <a href=\"http:\/\/abrogationeuratom.wesign.it\/fr\" target=\"_blank\" rel=\"noopener\"> CRIIRAD<\/a>. Letztere werden demn\u00e4chst an Staatschef Macron \u00fcbergeben&#8220;, berichten Schweiger und Egger von einer regen Vernetzung in der NGO-Szene.<\/p>\n<p>&#8222;Auch auf politischer Ebene ist mehr und mehr Unmut \u00fcber EURATOM zu finden. So hat etwa Anfang April das d\u00e4nische Parlament eine kritische Resolution verabschiedet und selbst die Europ\u00e4ische Kommission kommt in ihrer k\u00fcrzlich ver\u00f6ffentlichten Mitteilung zum Schluss, dass EURATOM unzeitgem\u00e4\u00df ist und neu definiert werden muss. Es gibt also potenzielle Verb\u00fcndete und \u00d6sterreich mit seinem Atomsperrgesetz hat hier die besondere Verantwortung, aktiv voranzugehen und Allianzen zu bilden! Ein Vertrag wie EURATOM, der ausschlie\u00dflich dem Schutz und der Privilegierung der Atomindustrie in Europa dient, hat im 21. Jahrhundert nichts mehr verloren!&#8220;, so Schweiger und Egger abschlie\u00dfend.<\/p>\n<p>Weitere Informationen:<br \/>\nGabriele Schweiger 0680\/33 33 625<br \/>\nRoland Egger 0680\/23 93 019<\/p>\n","protected":false},"excerpt":{"rendered":"<p>Schutz und Privilegierung der Atomindustrie in Europa haben ausgedient! &#8222;Bundeskanzler Sebastian Kurz m\u00f6chte also dem EU-Vertrag ein Update verpassen \u2013 \u0096 dieser Forderung k\u00f6nnen wir durchaus etwas abgewinnen! Es ist aus unserer Sicht l\u00e4ngst \u00fcberf\u00e4llig, wichtige EU-Grundlagen in die Jetztzeit &hellip; <a href=\"https:\/\/www.muettergegenatomgefahr.at\/?p=1513\">Weiterlesen <span class=\"meta-nav\">&rarr;<\/span><\/a><\/p>\n","protected":false},"author":2,"featured_media":0,"comment_status":"open","ping_status":"open","sticky":false,"template":"","format":"standard","meta":{"footnotes":""},"categories":[1],"tags":[],"class_list":["post-1513","post","type-post","status-publish","format-standard","hentry","category-allgemein"],"_links":{"self":[{"href":"https:\/\/www.muettergegenatomgefahr.at\/index.php?rest_route=\/wp\/v2\/posts\/1513","targetHints":{"allow":["GET"]}}],"collection":[{"href":"https:\/\/www.muettergegenatomgefahr.at\/index.php?rest_route=\/wp\/v2\/posts"}],"about":[{"href":"https:\/\/www.muettergegenatomgefahr.at\/index.php?rest_route=\/wp\/v2\/types\/post"}],"author":[{"embeddable":true,"href":"https:\/\/www.muettergegenatomgefahr.at\/index.php?rest_route=\/wp\/v2\/users\/2"}],"replies":[{"embeddable":true,"href":"https:\/\/www.muettergegenatomgefahr.at\/index.php?rest_route=%2Fwp%2Fv2%2Fcomments&post=1513"}],"version-history":[{"count":3,"href":"https:\/\/www.muettergegenatomgefahr.at\/index.php?rest_route=\/wp\/v2\/posts\/1513\/revisions"}],"predecessor-version":[{"id":1516,"href":"https:\/\/www.muettergegenatomgefahr.at\/index.php?rest_route=\/wp\/v2\/posts\/1513\/revisions\/1516"}],"wp:attachment":[{"href":"https:\/\/www.muettergegenatomgefahr.at\/index.php?rest_route=%2Fwp%2Fv2%2Fmedia&parent=1513"}],"wp:term":[{"taxonomy":"category","embeddable":true,"href":"https:\/\/www.muettergegenatomgefahr.at\/index.php?rest_route=%2Fwp%2Fv2%2Fcategories&post=1513"},{"taxonomy":"post_tag","embeddable":true,"href":"https:\/\/www.muettergegenatomgefahr.at\/index.php?rest_route=%2Fwp%2Fv2%2Ftags&post=1513"}],"curies":[{"name":"wp","href":"https:\/\/api.w.org\/{rel}","templated":true}]}}