{"id":1518,"date":"2019-05-17T11:02:12","date_gmt":"2019-05-17T09:02:12","guid":{"rendered":"http:\/\/www.muettergegenatomgefahr.at\/?p=1518"},"modified":"2019-05-17T11:02:12","modified_gmt":"2019-05-17T09:02:12","slug":"atomstopp-eu-wahlberber_innen-beziehen-stellung-zur-antiatompolitik-in-europa","status":"publish","type":"post","link":"https:\/\/www.muettergegenatomgefahr.at\/?p=1518","title":{"rendered":"atomstopp: EU-Wahlberber_innen beziehen Stellung zur Antiatompolitik in Europa"},"content":{"rendered":"<p><em>\u00d6VP bei EURATOM zu z\u00f6gerlich<\/em><\/p>\n<p><a href=\"http:\/\/www.temelin.at\/print.php?news_id=796\"><img loading=\"lazy\" decoding=\"async\" class=\" wp-image-1519 alignleft\" src=\"http:\/\/www.muettergegenatomgefahr.at\/wp-content\/uploads\/wahlzettel2-300x225.jpg\" alt=\"\" width=\"239\" height=\"179\" srcset=\"https:\/\/www.muettergegenatomgefahr.at\/wp-content\/uploads\/wahlzettel2-300x225.jpg 300w, https:\/\/www.muettergegenatomgefahr.at\/wp-content\/uploads\/wahlzettel2-768x576.jpg 768w, https:\/\/www.muettergegenatomgefahr.at\/wp-content\/uploads\/wahlzettel2.jpg 960w\" sizes=\"auto, (max-width: 239px) 100vw, 239px\" \/><\/a>&#8222;Die positive Bilanz gleich vorweg: Alle 7 Fraktionen, die f\u00fcr \u00d6sterreich ins EU-Parlament einziehen m\u00f6chten, haben geantwortet und \u2013 wenig \u00fcberraschend \u2013 sind sich alle so gut wie einig, dass Atomkraft keinen, wie auch immer gearteten Beitrag gegen die Klimazerst\u00f6rung leisten kann. Auch die Wichtigkeit einer Energiezukunft ohne Atomkraft, bewertet nach dem Schulnotensystem 1 bis 5, geben alle Parteien unisono mit 1 \u2013 sehr wichtig an!&#8220;, freuen sich Gabriele Schweiger und Roland Egger von atomstopp_oberoesterreich, \u00fcber hohes Interesse und offensichtliches Sendungsbewusstsein der m\u00f6glichen Abgeordneten.<\/p>\n<p>&#8222;Einigkeit herrscht auch in der Ablehnung von Laufzeitverl\u00e4ngerungen alter Atommeiler, verpflichtende UVP-Verfahren werden als Grundvoraussetzung verlangt, ebenso gre nz\u00fcberschreitendes Mitspracherecht. \u00d6VP und FP\u00d6 verweisen dabei auf die aktive Rolle \u00d6sterreichs im aktuellen Beispiel Mochovce. Die Forderung nach einer sofortigen Abschaltung von Risikoreaktoren unterst\u00fctzen dar\u00fcber hinaus noch die GR\u00dcNEN und KP\u00d6+, die NEOS sehen kr\u00e4ftige Investitionen in Erneuerbare Energien als wichtige flankierende Ma\u00dfnahme und 1EUROPA hat hierbei die Strategie, auf allen politischen Ebenen unter Einbindung von NGO zu arbeiten&#8220;, berichten Schweiger und Egger weiter.<\/p>\n<p>Naturgem\u00e4\u00df schon weniger einig f\u00e4llt die Positionierung zu EURATOM aus. Zwar stimmen alle \u00fcberein, dass der IST-Zustand nicht l\u00e4nger hinnehmbar ist. &#8222;Die \u00dcberarbeitung wird zwar von allen unterst\u00fctzt. Ob sie sich der Forderung von atomstopp \u2013 und mittlerweile auch anderen internationalen NGO! \u2013 nach Abschaffung von EURATOM anschlie\u00dfen werden, beantwortet 1EUROPA eindeutig mit Ja, SP\u00d6, GR\u00dcNE, NEOS und KP\u00d6 bef\u00fcrworten diese ebenfalls. Die \u00d6VP macht dazu keine Angaben, die FP\u00d6 spricht sich hingegen nach wie vor gleich f\u00fcr den Ausstieg \u00d6sterreichs aus dem Vertrag aus. Sollte keine Reform gelingen, sind auch SP\u00d6, GR\u00dcNE, KP\u00d6+ und 1EUROPA daf\u00fcr, einseitig aus EURATOM auszusteigen \u2013 nicht zuletzt, um auch andere Staaten dazu zu animieren. Die \u00d6VP enth\u00e4lt sich auch hier der Aussage und NEOS k\u00f6nnen so einem Schritt erkl\u00e4rterma\u00dfen nichts abgewinnen\u201c, erl\u00e4utern Schweiger und Egger die Stellungnahmen weiter.<\/p>\n<p>&#8222;Gefragt nach der langj\u00e4hrigen Forderung von atomstopp nach einer einheitlichen und angemessenen Haftungspflicht f\u00fcr Atomkonzerne setzt 1EUROPA einmal mehr auf Einbindung von NGO und deren Netzwerken, GR\u00dcNE und KP\u00d6+ sehen diese Ma\u00dfnahme als notwendigen Schritt auf dem Weg zum \u00fcbergeordneten Ziel des Atomausstiegs. NEOS mahnen generell die Kostenwahrheit f\u00fcr AKW ein. Die FP\u00d6 sieht eine Haftungspflicht als Minimum an Fairness, in der \u00d6VP setzt man auf das \u00f6sterreichische Atomhaftungsgesetz als modellgebend&#8220;, f\u00fchren Schweiger und Egger weiter aus.<\/p>\n<p>&#8222;<a>S\u00e4mtliche Antworten in Originalfassung finden sich hier<\/a>. Wir laden ein, sich einzulesen \u2013 und wir geben gern auch eine Empfehlung ab, f\u00fcr Sonntag, 26. Mai 2019: Auf jeden Fall W\u00c4HLEN GEHEN! Das Mandat f\u00fcr beherzte Antiatompolitik in Europa haben unsere Abgeordneten schon. Oft beteuern sie, alles in ihrer Macht stehende tun zu wollen. Es liegt an uns, ihnen diese Macht zu geben!\u201c, so Schweiger und Egger abschlie\u00dfend.<\/p>\n<p><em>Weitere Informationen:<\/em><br \/>\n<em>Gabriele Schweiger 0680\/33 33 625<\/em><br \/>\n<em>Roland Egger 0680\/23 93 019<\/em><\/p>\n<p>&nbsp;<\/p>\n","protected":false},"excerpt":{"rendered":"<p>\u00d6VP bei EURATOM zu z\u00f6gerlich &#8222;Die positive Bilanz gleich vorweg: Alle 7 Fraktionen, die f\u00fcr \u00d6sterreich ins EU-Parlament einziehen m\u00f6chten, haben geantwortet und \u2013 wenig \u00fcberraschend \u2013 sind sich alle so gut wie einig, dass Atomkraft keinen, wie auch immer &hellip; <a href=\"https:\/\/www.muettergegenatomgefahr.at\/?p=1518\">Weiterlesen <span class=\"meta-nav\">&rarr;<\/span><\/a><\/p>\n","protected":false},"author":2,"featured_media":0,"comment_status":"open","ping_status":"open","sticky":false,"template":"","format":"standard","meta":{"footnotes":""},"categories":[1],"tags":[],"class_list":["post-1518","post","type-post","status-publish","format-standard","hentry","category-allgemein"],"_links":{"self":[{"href":"https:\/\/www.muettergegenatomgefahr.at\/index.php?rest_route=\/wp\/v2\/posts\/1518","targetHints":{"allow":["GET"]}}],"collection":[{"href":"https:\/\/www.muettergegenatomgefahr.at\/index.php?rest_route=\/wp\/v2\/posts"}],"about":[{"href":"https:\/\/www.muettergegenatomgefahr.at\/index.php?rest_route=\/wp\/v2\/types\/post"}],"author":[{"embeddable":true,"href":"https:\/\/www.muettergegenatomgefahr.at\/index.php?rest_route=\/wp\/v2\/users\/2"}],"replies":[{"embeddable":true,"href":"https:\/\/www.muettergegenatomgefahr.at\/index.php?rest_route=%2Fwp%2Fv2%2Fcomments&post=1518"}],"version-history":[{"count":1,"href":"https:\/\/www.muettergegenatomgefahr.at\/index.php?rest_route=\/wp\/v2\/posts\/1518\/revisions"}],"predecessor-version":[{"id":1520,"href":"https:\/\/www.muettergegenatomgefahr.at\/index.php?rest_route=\/wp\/v2\/posts\/1518\/revisions\/1520"}],"wp:attachment":[{"href":"https:\/\/www.muettergegenatomgefahr.at\/index.php?rest_route=%2Fwp%2Fv2%2Fmedia&parent=1518"}],"wp:term":[{"taxonomy":"category","embeddable":true,"href":"https:\/\/www.muettergegenatomgefahr.at\/index.php?rest_route=%2Fwp%2Fv2%2Fcategories&post=1518"},{"taxonomy":"post_tag","embeddable":true,"href":"https:\/\/www.muettergegenatomgefahr.at\/index.php?rest_route=%2Fwp%2Fv2%2Ftags&post=1518"}],"curies":[{"name":"wp","href":"https:\/\/api.w.org\/{rel}","templated":true}]}}