{"id":1544,"date":"2019-08-19T12:01:58","date_gmt":"2019-08-19T10:01:58","guid":{"rendered":"http:\/\/www.muettergegenatomgefahr.at\/?p=1544"},"modified":"2019-09-16T17:09:59","modified_gmt":"2019-09-16T15:09:59","slug":"atomstopp-3-minuten-voller-ideen-fuer-ein-atomkraftfreies-europa","status":"publish","type":"post","link":"https:\/\/www.muettergegenatomgefahr.at\/?p=1544","title":{"rendered":"atomstopp: 3 Minuten voller Ideen f\u00fcr ein Atomkraftfreies Europa"},"content":{"rendered":"<p><em>Frage an die Spitzenkandidat_innen zur NRW2019: Warum sollen antiatom-orientierte B\u00fcrger_innen gerade Sie w\u00e4hlen?<\/em><\/p>\n<p>&#8222;Wenn wir im September wieder vor die Wahl gestellt werden zu entscheiden, wer uns regieren soll, m\u00f6chten wir nat\u00fcrlich wissen: Wen soll man w\u00e4hlen, wenn man eine atomkraftfreie Zukunft will? Wir haben deshalb alle 8 Spitzenkandidat_innen pers\u00f6nlich eingeladen, uns in einer maximal 3-min\u00fctigen Videobotschaft darzulegen, ob und wie sie unseren Kampf f\u00fcr ein Atomkraftfreies Europa unterst\u00fctzen werden&#8220;, erkl\u00e4ren Gabriele Schweiger und Roland Egger von atomstopp_oberoesterreich.<\/p>\n<p>&#8222;Die Challenge ist denkbar simpel: Jede_r Spitzenkandidat_in bekommt die M\u00f6glichkeit, in einem einfachen Videoclip zusammenzufassen, wie das antiatompolitische Arbeitsprogramm der jeweiligen Fraktion aussehen wird. Wir bieten nach R\u00fcckmeldung ab 30. August die <a href=\"https:\/\/www.youtube.com\/playlist?list=PLB-BRLVllKya--RDWddIk2AiMbWfktXnL\">B\u00fchne f\u00fcr diese Botschaften auf YouTube<\/a>. Unsere Unterst\u00fctzer_innen aus ganz \u00d6sterreich und quer durch alle Gesellschaftsschichten sind sicher sehr interessiert, zu erfahren, wie ihre speziellen Interessen in Sachen Antiatompolitik im zuk\u00fcnftigen Parlament und in der Regierung vertreten werden!&#8220;, freuen sich Schweiger und Egger auf die R\u00fcckmeldungen von den listenersten Damen und Herren Kurz, Rendi-Wagner, Hofer, Meinl-Reisinger, Pilz, Kogler, Hajnal und Mulla.<\/p>\n<p>&#8222;Uns in \u00d6sterreich ist durch die Zwentendorf-Abstimmung von 1978 die Atomkraft erspart geblieben, erk\u00e4mpft durch einige mutige und letztlich erfolgreiche Antiatom-Aktivist_innen. Eine Errungenschaft, zweifelsohne, und eine nachhaltige dazu, denn so hauchd\u00fcnn die entscheidende Mehrheit damals auch war, so eindeutig ist sie heute. Als Organisation, deren Wurzeln im Zwentendorf-Widerstand liegen, setzen wir uns seither intensiv und vielschichtig f\u00fcr eine Welt ohne Atomkraft ein. Denn gebannt sind die st\u00e4ndigen Gefahren, die von AKW ausgehen, erst dann, wenn auch der letzte Reaktor abgeschaltet, die Option f\u00fcr Neubauten vom Tisch, der Atomm\u00fcll sicher entsorgt ist. Daf\u00fcr sind ambitionierte Ideen und politische Rahmenbedingungen n\u00f6tig. Genau deshalb ist es wichtig, ob und wie \u00f6sterreichische Volksverteter_innen diese Vision in ihrer Agenda tragen!&#8220;, betonen Schweiger und Egger abschlie\u00dfend.<\/p>\n<p>Weitere Informationen:<br \/>\nGabriele Schweiger 0680\/33 33 625<br \/>\nRoland Egger 0680\/23 93 019<\/p>\n","protected":false},"excerpt":{"rendered":"<p>Frage an die Spitzenkandidat_innen zur NRW2019: Warum sollen antiatom-orientierte B\u00fcrger_innen gerade Sie w\u00e4hlen? &#8222;Wenn wir im September wieder vor die Wahl gestellt werden zu entscheiden, wer uns regieren soll, m\u00f6chten wir nat\u00fcrlich wissen: Wen soll man w\u00e4hlen, wenn man eine &hellip; <a href=\"https:\/\/www.muettergegenatomgefahr.at\/?p=1544\">Weiterlesen <span class=\"meta-nav\">&rarr;<\/span><\/a><\/p>\n","protected":false},"author":2,"featured_media":0,"comment_status":"open","ping_status":"open","sticky":false,"template":"","format":"standard","meta":{"footnotes":""},"categories":[1],"tags":[],"class_list":["post-1544","post","type-post","status-publish","format-standard","hentry","category-allgemein"],"_links":{"self":[{"href":"https:\/\/www.muettergegenatomgefahr.at\/index.php?rest_route=\/wp\/v2\/posts\/1544","targetHints":{"allow":["GET"]}}],"collection":[{"href":"https:\/\/www.muettergegenatomgefahr.at\/index.php?rest_route=\/wp\/v2\/posts"}],"about":[{"href":"https:\/\/www.muettergegenatomgefahr.at\/index.php?rest_route=\/wp\/v2\/types\/post"}],"author":[{"embeddable":true,"href":"https:\/\/www.muettergegenatomgefahr.at\/index.php?rest_route=\/wp\/v2\/users\/2"}],"replies":[{"embeddable":true,"href":"https:\/\/www.muettergegenatomgefahr.at\/index.php?rest_route=%2Fwp%2Fv2%2Fcomments&post=1544"}],"version-history":[{"count":2,"href":"https:\/\/www.muettergegenatomgefahr.at\/index.php?rest_route=\/wp\/v2\/posts\/1544\/revisions"}],"predecessor-version":[{"id":1552,"href":"https:\/\/www.muettergegenatomgefahr.at\/index.php?rest_route=\/wp\/v2\/posts\/1544\/revisions\/1552"}],"wp:attachment":[{"href":"https:\/\/www.muettergegenatomgefahr.at\/index.php?rest_route=%2Fwp%2Fv2%2Fmedia&parent=1544"}],"wp:term":[{"taxonomy":"category","embeddable":true,"href":"https:\/\/www.muettergegenatomgefahr.at\/index.php?rest_route=%2Fwp%2Fv2%2Fcategories&post=1544"},{"taxonomy":"post_tag","embeddable":true,"href":"https:\/\/www.muettergegenatomgefahr.at\/index.php?rest_route=%2Fwp%2Fv2%2Ftags&post=1544"}],"curies":[{"name":"wp","href":"https:\/\/api.w.org\/{rel}","templated":true}]}}