{"id":1546,"date":"2019-08-30T13:04:29","date_gmt":"2019-08-30T11:04:29","guid":{"rendered":"http:\/\/www.muettergegenatomgefahr.at\/?p=1546"},"modified":"2019-09-16T17:11:23","modified_gmt":"2019-09-16T15:11:23","slug":"atomstopp-erste-3-minuten-videos-der-antiatompolitischen-challenge-gehen-online","status":"publish","type":"post","link":"https:\/\/www.muettergegenatomgefahr.at\/?p=1546","title":{"rendered":"atomstopp: Erste 3-Minuten Videos der antiatompolitischen Challenge gehen online"},"content":{"rendered":"<p><em>KP\u00d6 und WANDL liefern p\u00fcnktlichst, nur von \u00d6VP und FP\u00d6 bisher keinerlei Reaktion!<\/em><\/p>\n<p>&#8222;Warum sollen antiatom-orientierte B\u00fcrger_innen gerade Sie w\u00e4hlen? \u2013 so lautete die Frage, die wir allen Spitzenkandidat_innen zur Nationalratswahl 2019 gestellt haben. Und weil Videoclips f\u00fcr Wahlwerbende eine hervorragende M\u00f6glichkeit darstellen, um Botschaften authentisch zu vermitteln, sind alle Listenersten eingeladen, ihre antiatompolitische Position in einem maximal 3-min\u00fctigen Viedeo zu erkl\u00e4ren. Speziell wollen wir nat\u00fcrlich erfahren, ob und wie sie unsere Arbeit in der n\u00e4chsten Legislaturperiode unterst\u00fctzen wollen. Erste Ergebnisse: Sowohl Ivo Hajnal von Alternative Listen, KP\u00d6 Plus, Linke und Unabh\u00e4ngige als auch Fayad Mulla von Der Wandel haben uns bereits eine erfrischend \u00fcberzeugende Videobotschaft zukommen lassen!&#8220;, freuen sich Gabriele Schweiger und Roland Egger, heute Abend zur Primetime um 20:15 Uhr die ersten beiden <a href=\"https:\/\/www.youtube.com\/playlist?list=PLB-BRLVllKya--RDWddIk2AiMbWfktXnL\">Videos auf dem YouTube Kanal von atomstopp_oberoesterreich<\/a> ver\u00f6ffentlichen zu k\u00f6nnen.<\/p>\n<p>&#8222;Auch die SP\u00d6, die NEOS, die Liste JETZT sowie die GR\u00dcNEN haben schon signalisiert, sich unserer Anfrage widmen zu wollen. Es besteht also durchaus die Aussicht, dass wir in den n\u00e4chsten Tagen weitere Videostatements, n\u00e4mlich die von Pamela Rendi-Wagner, Beate Meinl-Reisinger, Peter Pilz und Werner Kogler f\u00fcr alle antiatompolitisch Interessierten bereitstellen k\u00f6nnen&#8220;, berichten Schweiger und Egger weiter.<\/p>\n<p>&#8222;Ob auch Sebastian Kurz und Norbert Hofer bereit sein werden, Gesicht zu zeigen und Stellung zu beziehen, steht noch in den Sternen, denn von der \u00d6VP und der FP\u00d6 war bisher keinerlei Reaktion zu vernehmen. Wie dieses Signal zu werten ist, dass sich weder Kurz noch Hofer die 3 Minuten Zeit f\u00fcr einen \u00f6ffentlichen Auftritt in Sachen Antiatompolitik nehmen wollen, k\u00f6nnen unsere Zuseher_innen dann selber entscheiden&#8220;, so Schweiger und Egger abschlie\u00dfend.<\/p>\n<p>Weitere Informationen:<br \/>\nGabriele Schweiger 0680\/33 33 625<br \/>\nRoland Egger 0680\/23 93 019<\/p>\n","protected":false},"excerpt":{"rendered":"<p>KP\u00d6 und WANDL liefern p\u00fcnktlichst, nur von \u00d6VP und FP\u00d6 bisher keinerlei Reaktion! &#8222;Warum sollen antiatom-orientierte B\u00fcrger_innen gerade Sie w\u00e4hlen? \u2013 so lautete die Frage, die wir allen Spitzenkandidat_innen zur Nationalratswahl 2019 gestellt haben. Und weil Videoclips f\u00fcr Wahlwerbende eine &hellip; <a href=\"https:\/\/www.muettergegenatomgefahr.at\/?p=1546\">Weiterlesen <span class=\"meta-nav\">&rarr;<\/span><\/a><\/p>\n","protected":false},"author":2,"featured_media":0,"comment_status":"open","ping_status":"open","sticky":false,"template":"","format":"standard","meta":{"footnotes":""},"categories":[1],"tags":[],"class_list":["post-1546","post","type-post","status-publish","format-standard","hentry","category-allgemein"],"_links":{"self":[{"href":"https:\/\/www.muettergegenatomgefahr.at\/index.php?rest_route=\/wp\/v2\/posts\/1546","targetHints":{"allow":["GET"]}}],"collection":[{"href":"https:\/\/www.muettergegenatomgefahr.at\/index.php?rest_route=\/wp\/v2\/posts"}],"about":[{"href":"https:\/\/www.muettergegenatomgefahr.at\/index.php?rest_route=\/wp\/v2\/types\/post"}],"author":[{"embeddable":true,"href":"https:\/\/www.muettergegenatomgefahr.at\/index.php?rest_route=\/wp\/v2\/users\/2"}],"replies":[{"embeddable":true,"href":"https:\/\/www.muettergegenatomgefahr.at\/index.php?rest_route=%2Fwp%2Fv2%2Fcomments&post=1546"}],"version-history":[{"count":3,"href":"https:\/\/www.muettergegenatomgefahr.at\/index.php?rest_route=\/wp\/v2\/posts\/1546\/revisions"}],"predecessor-version":[{"id":1554,"href":"https:\/\/www.muettergegenatomgefahr.at\/index.php?rest_route=\/wp\/v2\/posts\/1546\/revisions\/1554"}],"wp:attachment":[{"href":"https:\/\/www.muettergegenatomgefahr.at\/index.php?rest_route=%2Fwp%2Fv2%2Fmedia&parent=1546"}],"wp:term":[{"taxonomy":"category","embeddable":true,"href":"https:\/\/www.muettergegenatomgefahr.at\/index.php?rest_route=%2Fwp%2Fv2%2Fcategories&post=1546"},{"taxonomy":"post_tag","embeddable":true,"href":"https:\/\/www.muettergegenatomgefahr.at\/index.php?rest_route=%2Fwp%2Fv2%2Ftags&post=1546"}],"curies":[{"name":"wp","href":"https:\/\/api.w.org\/{rel}","templated":true}]}}