{"id":1550,"date":"2019-09-16T17:08:20","date_gmt":"2019-09-16T15:08:20","guid":{"rendered":"http:\/\/www.muettergegenatomgefahr.at\/?p=1550"},"modified":"2019-09-16T17:08:20","modified_gmt":"2019-09-16T15:08:20","slug":"atomstopp-antiatompolitik-vor-nationalratswahl-auf-dem-pruefstand","status":"publish","type":"post","link":"https:\/\/www.muettergegenatomgefahr.at\/?p=1550","title":{"rendered":"atomstopp: Antiatompolitik vor Nationalratswahl auf dem Pr\u00fcfstand"},"content":{"rendered":"<p><em><b class=\"news_untertitel\">3-Minuten Videobotschaft als Entscheidungshilfe f\u00fcr W\u00e4hler_innen, denen eine atomkraftfreie Zukunft am Herzen liegt! <\/b><\/em><\/p>\n<p>&#8222;Energieversorgung ist ein elementares Thema, gerade vor den Herausforderungen des Klimawandels. Heute muss gestaltet werden, was uns morgen versorgen soll. Dabei ist extreme Achtsamkeit gefordert, denn ausgerechnet <a href=\"https:\/\/www.atomkraftfrei-leben.at\/petition.php?id=17\" target=\"_blank\" rel=\"noopener\"> die Atomindustrie versucht, sich als Klimarettung ins Spiel zu bringen<\/a>. Das ist mit allen Mitteln zu verhindern! Wer eine Fraktion in den \u00f6sterreichischen Nationalrat f\u00fchren will, muss sich diesem Thema auf jeden Fall stellen. Wir haben deshalb alle Spitzenkandidat_innen um eine <a href=\"https:\/\/www.youtube.com\/playlist?list=PLB-BRLVllKya--RDWddIk2AiMbWfktXnL\" target=\"_blank\" rel=\"noopener\">Stellungnahme per Videoclip<\/a> gefragt, mit welchen konkreten Ma\u00dfnahmen sie in der n\u00e4chsten Legislaturperiode antiatompolitisch auftreten wollen und so zu erkl\u00e4ren, warum man gerade sie w\u00e4hlen sollte, wenn man eine atomkraftfreie Zukunft will&#8220;, umrei\u00dfen Gabriele Schweiger und Roland Egger von atomstopp_oberoesterreich die 3-Minuten Video Challenge, zu der sie die wahlwerbenden Listenersten herausgefordert hatten.<\/p>\n<p>&#8222;Nach den Spitzenkandidaten Hejnal (KP\u00d6) und Mulla (WANDL) haben sich nun 2 weitere Spitzenkandidaten die Chance abgeholt, in einer Videobotschaft auf unserem atomstopp Videokanal Standpunkt und Pl\u00e4ne zu ihrer Antiatompolitik der n\u00e4chsten Legislaturperiode pr\u00e4sentieren zu k\u00f6nnen. Somit sind nun auch die antiatompolitischen Ambitionen von Norbert Hofer von der FP\u00d6 und Peter Pilz von der Liste JETZT auf unserer Playliste abrufbar!&#8220;, geben Schweiger und Egger bekannt.<\/p>\n<p>&#8222;Wir wollen mit dieser Aktion unseren Zuseher_innen die M\u00f6glichkeit geben, sich rechtzeitig vor der Wahl ein vergleichendes Bild davon zu machen, was in der kommenden parlamentarischen Arbeit bzw. im Fall einer Regierungsverantwortung von den Kandidat_innen in Sachen Antiatompolitik zu erwarten sein wird&#8220;, so Schweiger und Egger weiter.<\/p>\n<p>&#8222;Bleibt also noch abzuwarten, wie die bereits avisierte Positionierung der Gr\u00fcnen ausf\u00e4llt, da es sich zweifelsohne bei Antiatompolitik um eine ihrer Kernkompetenzen handelt, also ausreichend Expertise vermutet werden darf. Auch ob auch die SP\u00d6 und die NEOS sich, wie per E-Mail verlautet, um das Anliegen k\u00fcmmern und die Listenersten Rendi-Wagner und Meinl-Reisinger sich aufs Set begeben werden, steht offen. Aber noch ist es nicht zu sp\u00e4t, ein maximal 3-min\u00fctiges Video ist schnell gedreht. Und wer wei\u00df: Die etwas l\u00e4ngeren Anlaufzeiten k\u00f6nnten ja auch mit besonders gehaltvoller Aufbereitung zu erkl\u00e4ren sein!&#8220;, sinnieren Schweiger und Egger.<\/p>\n<p>&#8222;\u00dcberhaupt keine Reaktion gibt es nach wie vor von der \u00d6VP. Ob sich Listenf\u00fchrer Kurz nur viel Zeit l\u00e4sst oder schlicht keinen Bedarf sieht, sich in dieser Frage zu \u00e4u\u00dfern, darauf werden sich letztlich unsere geneigten Unterst\u00fctzer_innen mit Sicherheit selber einen Reim zu machen wissen!&#8220;, betonen Schweiger und Egger abschlie\u00dfend.<\/p>\n<p>Weitere Informationen:<br \/>\nGabriele Schweiger 0680\/33 33 625<br \/>\nRoland Egger 0680\/23 93 019<\/p>\n","protected":false},"excerpt":{"rendered":"<p>3-Minuten Videobotschaft als Entscheidungshilfe f\u00fcr W\u00e4hler_innen, denen eine atomkraftfreie Zukunft am Herzen liegt! &#8222;Energieversorgung ist ein elementares Thema, gerade vor den Herausforderungen des Klimawandels. Heute muss gestaltet werden, was uns morgen versorgen soll. Dabei ist extreme Achtsamkeit gefordert, denn ausgerechnet &hellip; <a href=\"https:\/\/www.muettergegenatomgefahr.at\/?p=1550\">Weiterlesen <span class=\"meta-nav\">&rarr;<\/span><\/a><\/p>\n","protected":false},"author":2,"featured_media":0,"comment_status":"open","ping_status":"open","sticky":false,"template":"","format":"standard","meta":{"footnotes":""},"categories":[1],"tags":[],"class_list":["post-1550","post","type-post","status-publish","format-standard","hentry","category-allgemein"],"_links":{"self":[{"href":"https:\/\/www.muettergegenatomgefahr.at\/index.php?rest_route=\/wp\/v2\/posts\/1550","targetHints":{"allow":["GET"]}}],"collection":[{"href":"https:\/\/www.muettergegenatomgefahr.at\/index.php?rest_route=\/wp\/v2\/posts"}],"about":[{"href":"https:\/\/www.muettergegenatomgefahr.at\/index.php?rest_route=\/wp\/v2\/types\/post"}],"author":[{"embeddable":true,"href":"https:\/\/www.muettergegenatomgefahr.at\/index.php?rest_route=\/wp\/v2\/users\/2"}],"replies":[{"embeddable":true,"href":"https:\/\/www.muettergegenatomgefahr.at\/index.php?rest_route=%2Fwp%2Fv2%2Fcomments&post=1550"}],"version-history":[{"count":1,"href":"https:\/\/www.muettergegenatomgefahr.at\/index.php?rest_route=\/wp\/v2\/posts\/1550\/revisions"}],"predecessor-version":[{"id":1551,"href":"https:\/\/www.muettergegenatomgefahr.at\/index.php?rest_route=\/wp\/v2\/posts\/1550\/revisions\/1551"}],"wp:attachment":[{"href":"https:\/\/www.muettergegenatomgefahr.at\/index.php?rest_route=%2Fwp%2Fv2%2Fmedia&parent=1550"}],"wp:term":[{"taxonomy":"category","embeddable":true,"href":"https:\/\/www.muettergegenatomgefahr.at\/index.php?rest_route=%2Fwp%2Fv2%2Fcategories&post=1550"},{"taxonomy":"post_tag","embeddable":true,"href":"https:\/\/www.muettergegenatomgefahr.at\/index.php?rest_route=%2Fwp%2Fv2%2Ftags&post=1550"}],"curies":[{"name":"wp","href":"https:\/\/api.w.org\/{rel}","templated":true}]}}