{"id":1563,"date":"2019-09-26T13:20:55","date_gmt":"2019-09-26T11:20:55","guid":{"rendered":"http:\/\/www.muettergegenatomgefahr.at\/?p=1563"},"modified":"2019-10-21T13:29:09","modified_gmt":"2019-10-21T11:29:09","slug":"atomstopp-klimawandel-darf-kein-tueroeffner-fuer-renaissance-der-atomkraft-werden","status":"publish","type":"post","link":"https:\/\/www.muettergegenatomgefahr.at\/?p=1563","title":{"rendered":"atomstopp: Klimawandel darf kein T\u00fcr\u00f6ffner f\u00fcr Renaissance der Atomkraft werden"},"content":{"rendered":"<p><em>Weltweiter Klimastreik-Tag \u2013 die Anti-Atom-Bewegung ist mit dabei<\/em><\/p>\n<p>&#8222;Abertausende, vor allem junge Menschen, werden heute wieder im Zeichen des Klimaschutzes durch die Stra\u00dfen ziehen, weltweit in schier un\u00fcberschaubar vielen St\u00e4dten auf der ganzen Erde. <a href=\"https:\/\/www.fridaysforfuture.at\/events\/2019-09-27-weltweiter-klimastreik-3&lt;br&gt;\" target=\"_blank\" rel=\"noopener\"> Auch in Linz<\/a> \u2013 atomstopp wird hier mit dabei sein. <a href=\"http:\/\/www.muettergegenatomgefahr.at\/wp-content\/uploads\/IMG_4092.jpg\"><img loading=\"lazy\" decoding=\"async\" class=\"wp-image-1564 alignright\" src=\"http:\/\/www.muettergegenatomgefahr.at\/wp-content\/uploads\/IMG_4092-225x300.jpg\" alt=\"\" width=\"264\" height=\"352\" srcset=\"https:\/\/www.muettergegenatomgefahr.at\/wp-content\/uploads\/IMG_4092-225x300.jpg 225w, https:\/\/www.muettergegenatomgefahr.at\/wp-content\/uploads\/IMG_4092-768x1024.jpg 768w\" sizes=\"auto, (max-width: 264px) 100vw, 264px\" \/><\/a>&#8222;Unter dem Motto atomstopp_for future wollen wir uns solidarisch erkl\u00e4ren mit der v\u00f6llig zu Recht aufgeweckten, besorgten Jugend, die gegen eine viel zu laxe Klimapolitik aufbegehrt. Das Vers\u00e4umnis der Regierenden, zukunftstaugliche Ma\u00dfnahmen gegen den immer rascher fortschreitenden, vom ungebremsten Wirtschaftswachstum verursachten Klimawandel zu setzen, ist nicht entschuldbar. Die Proteste dagegen verdienen jede Unterst\u00fctzung und die werden wir einbringen!&#8220;, k\u00fcndigen Gabriele Schweiger und Roland Egger von atomstopp_oberoesterreich an.<\/p>\n<p>&nbsp;<\/p>\n<p>&#8222;Es ist aber ist nicht nur die Solidarit\u00e4t, die uns antreibt, es gibt auch noch einen anderen Grund: Absurderweise versucht n\u00e4mlich ausgerechnet die Atomindustrie, sich als Klimaretter ins Spiel zu bringen. Doch das propagierte Potenzial der Atomkraft als L\u00f6sung gegen die Klimazerst\u00f6rung basiert auf falschen, verlogenen Versprechungen. Wir f\u00fchlen uns verpflichtet, das Wissen um diese L\u00fcgen der Atomlobby in den Diskurs einzubringen. Es muss von vornherein verhindert werden, dass jugendliche Aktivist_innen, f\u00fcr die Erfahrungen wie der Kampf gegen Zwentendorf oder der SuperGAU in Tschernobyl bestenfalls Eintr\u00e4ge im Geschichte-Lehrbuch sind, auf Propaganda der Atomwirtschaft hereinfallen k\u00f6nnten! Atomkraft ist kein Klimaretter, AKW als KLIMASCHUTZ? NEIN DANKE! Unsere Pappschilder stehen bereit, die Flugzettel mit einem kurzgefassten <a href=\"https:\/\/www.atomkraftfrei-leben.at\/downloads\/p_klima_argument.pdf\" target=\"_blank\" rel=\"noopener\"> Argumentarium <\/a> auch. Der Marsch kann beginnen!&#8220;, versichern Schweiger und Egger abschlie\u00dfend.<\/p>\n<p><a href=\"https:\/\/www.atomkraftfrei-leben.at\/petition.php?id=17\" target=\"_blank\" rel=\"noopener\"> Hier kann unsere laufende Petition unterzeichnet werden \u2013 AKW als KLIMASCHUTZ? NEIN DANKE! <\/a><\/p>\n<p>Weitere Informationen:<br \/>\nGabriele Schweiger 0680\/33 33 625<br \/>\nRoland Egger 0680\/23 93 019<\/p>\n","protected":false},"excerpt":{"rendered":"<p>Weltweiter Klimastreik-Tag \u2013 die Anti-Atom-Bewegung ist mit dabei &#8222;Abertausende, vor allem junge Menschen, werden heute wieder im Zeichen des Klimaschutzes durch die Stra\u00dfen ziehen, weltweit in schier un\u00fcberschaubar vielen St\u00e4dten auf der ganzen Erde. Auch in Linz \u2013 atomstopp wird &hellip; <a href=\"https:\/\/www.muettergegenatomgefahr.at\/?p=1563\">Weiterlesen <span class=\"meta-nav\">&rarr;<\/span><\/a><\/p>\n","protected":false},"author":2,"featured_media":0,"comment_status":"open","ping_status":"open","sticky":false,"template":"","format":"standard","meta":{"footnotes":""},"categories":[1],"tags":[],"class_list":["post-1563","post","type-post","status-publish","format-standard","hentry","category-allgemein"],"_links":{"self":[{"href":"https:\/\/www.muettergegenatomgefahr.at\/index.php?rest_route=\/wp\/v2\/posts\/1563","targetHints":{"allow":["GET"]}}],"collection":[{"href":"https:\/\/www.muettergegenatomgefahr.at\/index.php?rest_route=\/wp\/v2\/posts"}],"about":[{"href":"https:\/\/www.muettergegenatomgefahr.at\/index.php?rest_route=\/wp\/v2\/types\/post"}],"author":[{"embeddable":true,"href":"https:\/\/www.muettergegenatomgefahr.at\/index.php?rest_route=\/wp\/v2\/users\/2"}],"replies":[{"embeddable":true,"href":"https:\/\/www.muettergegenatomgefahr.at\/index.php?rest_route=%2Fwp%2Fv2%2Fcomments&post=1563"}],"version-history":[{"count":1,"href":"https:\/\/www.muettergegenatomgefahr.at\/index.php?rest_route=\/wp\/v2\/posts\/1563\/revisions"}],"predecessor-version":[{"id":1565,"href":"https:\/\/www.muettergegenatomgefahr.at\/index.php?rest_route=\/wp\/v2\/posts\/1563\/revisions\/1565"}],"wp:attachment":[{"href":"https:\/\/www.muettergegenatomgefahr.at\/index.php?rest_route=%2Fwp%2Fv2%2Fmedia&parent=1563"}],"wp:term":[{"taxonomy":"category","embeddable":true,"href":"https:\/\/www.muettergegenatomgefahr.at\/index.php?rest_route=%2Fwp%2Fv2%2Fcategories&post=1563"},{"taxonomy":"post_tag","embeddable":true,"href":"https:\/\/www.muettergegenatomgefahr.at\/index.php?rest_route=%2Fwp%2Fv2%2Ftags&post=1563"}],"curies":[{"name":"wp","href":"https:\/\/api.w.org\/{rel}","templated":true}]}}