{"id":1571,"date":"2019-11-22T14:59:36","date_gmt":"2019-11-22T12:59:36","guid":{"rendered":"http:\/\/www.muettergegenatomgefahr.at\/?p=1571"},"modified":"2019-11-22T14:59:36","modified_gmt":"2019-11-22T12:59:36","slug":"atomstopp-antiatom-urgesteine-mathilde-halla-und-fritz-witzany-ausgezeichnet","status":"publish","type":"post","link":"https:\/\/www.muettergegenatomgefahr.at\/?p=1571","title":{"rendered":"atomstopp: Antiatom-Urgesteine Mathilde Halla und Fritz Witzany ausgezeichnet"},"content":{"rendered":"<p><em>Diesj\u00e4hriger Sonne &amp; Freiheit-Anerkennungs-Preis geht an Halla und Witzany f\u00fcr ihr Lebenswerk<\/em><\/p>\n<p>Eine ehrenvolle Auszeichnung, verliehen vom tschechisch-\u00f6sterreichischen Verein \u201aSonne &amp; Freiheit\u2019, durften k\u00fcrzlich Mathilde Halla aus Linz\/Urfahr und Fritz Witzany aus St. Florian f\u00fcr ihr Lebenswerk entgegen nehmen. Besonders bemerkenswert dabei ist wohl, dass hier zwei wesentliche Speerspitzen im Aktivismus gegen das AKW Temelin von einer ausdr\u00fccklich <a href=\"http:\/\/www.muettergegenatomgefahr.at\/wp-content\/uploads\/Preis2019Gruppe-min.jpg\"><img loading=\"lazy\" decoding=\"async\" class=\"size-medium wp-image-1572 alignright\" src=\"http:\/\/www.muettergegenatomgefahr.at\/wp-content\/uploads\/Preis2019Gruppe-min-300x169.jpg\" alt=\"\" width=\"300\" height=\"169\" srcset=\"https:\/\/www.muettergegenatomgefahr.at\/wp-content\/uploads\/Preis2019Gruppe-min-300x169.jpg 300w, https:\/\/www.muettergegenatomgefahr.at\/wp-content\/uploads\/Preis2019Gruppe-min-768x433.jpg 768w, https:\/\/www.muettergegenatomgefahr.at\/wp-content\/uploads\/Preis2019Gruppe-min-1024x577.jpg 1024w\" sizes=\"auto, (max-width: 300px) 100vw, 300px\" \/><\/a>grenz\u00fcberschreitenden Initiative gew\u00fcrdigt werden. \u00dcberreicht wurde der Preis \u2013 Windkraft-Aktien \u2013 durch Sonne &amp; Freiheit-Obmann Bernhard Riepl im s\u00fcdb\u00f6hmischen Ort Sacherles.<\/p>\n<p>&#8222;Mathilde und Fritz sind Urgesteine der \u00f6sterreichischen Antiatombewegung, haben sich als wesentliche, umtriebige Kr\u00e4fte im Zwentendorf-Widerstand verdient gemacht und sind auch daf\u00fcr mitverantwortlich, dass kein weiteres AKW, n\u00e4mlich in St. Pantaleon, etwa 30 km von Linz entfernt, gebaut wurde. Mit diesen Erfolgen damals in den sp\u00e4ten 1970ern etablierten sie die &#8218;\u00d6O Plattform gegen Atomgefahr&#8216; als Drehscheibe der wachsenden Antiatom-Bewegung, Mathilde gr\u00fcndete die &#8218;M\u00fctter gegen Atomgefahr&#8216;. Das hartn\u00e4ckige Weiterk\u00e4mpfen f\u00fcr eine atomkraftfreie Zukunft wurde ausgeweitet. Gegen die Wiederaufbereitungsanlage in Wackersdorf, grenznahe AKW sowie Zwischen- und Endlager f\u00fcr Atomm\u00fcll wurden laute Proteste organisiert. Es folgten nationale und internationale Vernetzungen, die bis heute wichtige Grundlagen f\u00fcr unsere Arbeit darstellen!&#8220;, freuen sich Gabriele Schweiger und Roland Egger von atomstopp_oberoesterreich, die auf dieser soliden Basis das Antiatom-Engagement weitertragen.<\/p>\n<p>&#8222;Bis heute sind sowohl Mathilde als auch Fritz aktiv, die mittlerweile vielfach enkelbereicherten Familien werden konsequent in Aktivit\u00e4ten miteinbezogen. Besonders unverzichtbar sind die beiden klarerweise, wenn es um die Aufbereitung und Vermittlung der geschichtlichen Entwicklungen geht \u2013 wie etwa f\u00fcr unsere Ausstellung &#8218;Zwentendorf.40&#8216; oder den Dokumentarfilm &#8218;Atomlos durch die Macht&#8216;. Mit Freude stellen sie sich dann zur Verf\u00fcgung, um mit Erz\u00e4hlungen, Reflektionen und wertvollen Hinweisen zum reichen Archiv auch f\u00fcr j\u00fcngere Generationen begreiflich zu machen, was mit Widerstand und konstruktiver B\u00fcrgerbeteiligung erreicht werden kann!&#8220;, best\u00e4tigen Schweiger und Egger die berechtigte W\u00fcrdigung f\u00fcr das immer noch andauernde Lebenswerk abschlie\u00dfend.<\/p>\n<p>Hinweise zur Spurensuche in der \u00f6sterreichischen Antiatom-Bewegung:<\/p>\n<p>\u2192 Die Ausstellung <a href=\"https:\/\/zwentendorf40atomstopp.wordpress.com\/\" target=\"_blank\" rel=\"noopener\"> &#8218;Zwentendorf.40 \u2013 Widerstand f\u00fcr die Zukunft&#8216;<\/a> darf gern kostenlos ausgeborgt werden<br \/>\n\u2192 Der Film &#8218;Atomlos durch die Macht&#8216; von Markus Kaiser-M\u00fchlecker ist verf\u00fcgbar \u00fcber <a href=\"https:\/\/www.education-online.at\/detail\/4800577\" target=\"_blank\" rel=\"noopener\"> Education Group Medien<\/a>, <a href=\"http:\/\/www.klimakultur.at\/neue-filmlizenz-atomlos-durch-die-macht\/\" target=\"_blank\" rel=\"noopener\">Klimab\u00fcndnis O\u00d6<\/a> oder per Direktverleih f\u00fcr Kinos bei <a href=\"https:\/\/www.kmfilm.at\/portfolio\/atomlos\/\" target=\"_blank\" rel=\"noopener\">KM Film<\/a><\/p>\n<p>Weitere Informationen:<br \/>\nGabriele Schweiger 0680\/33 33 625<br \/>\nRoland Egger 0680\/23 93 019<\/p>\n","protected":false},"excerpt":{"rendered":"<p>Diesj\u00e4hriger Sonne &amp; Freiheit-Anerkennungs-Preis geht an Halla und Witzany f\u00fcr ihr Lebenswerk Eine ehrenvolle Auszeichnung, verliehen vom tschechisch-\u00f6sterreichischen Verein \u201aSonne &amp; Freiheit\u2019, durften k\u00fcrzlich Mathilde Halla aus Linz\/Urfahr und Fritz Witzany aus St. Florian f\u00fcr ihr Lebenswerk entgegen nehmen. Besonders &hellip; <a href=\"https:\/\/www.muettergegenatomgefahr.at\/?p=1571\">Weiterlesen <span class=\"meta-nav\">&rarr;<\/span><\/a><\/p>\n","protected":false},"author":2,"featured_media":0,"comment_status":"open","ping_status":"open","sticky":false,"template":"","format":"standard","meta":{"footnotes":""},"categories":[1],"tags":[],"class_list":["post-1571","post","type-post","status-publish","format-standard","hentry","category-allgemein"],"_links":{"self":[{"href":"https:\/\/www.muettergegenatomgefahr.at\/index.php?rest_route=\/wp\/v2\/posts\/1571","targetHints":{"allow":["GET"]}}],"collection":[{"href":"https:\/\/www.muettergegenatomgefahr.at\/index.php?rest_route=\/wp\/v2\/posts"}],"about":[{"href":"https:\/\/www.muettergegenatomgefahr.at\/index.php?rest_route=\/wp\/v2\/types\/post"}],"author":[{"embeddable":true,"href":"https:\/\/www.muettergegenatomgefahr.at\/index.php?rest_route=\/wp\/v2\/users\/2"}],"replies":[{"embeddable":true,"href":"https:\/\/www.muettergegenatomgefahr.at\/index.php?rest_route=%2Fwp%2Fv2%2Fcomments&post=1571"}],"version-history":[{"count":1,"href":"https:\/\/www.muettergegenatomgefahr.at\/index.php?rest_route=\/wp\/v2\/posts\/1571\/revisions"}],"predecessor-version":[{"id":1573,"href":"https:\/\/www.muettergegenatomgefahr.at\/index.php?rest_route=\/wp\/v2\/posts\/1571\/revisions\/1573"}],"wp:attachment":[{"href":"https:\/\/www.muettergegenatomgefahr.at\/index.php?rest_route=%2Fwp%2Fv2%2Fmedia&parent=1571"}],"wp:term":[{"taxonomy":"category","embeddable":true,"href":"https:\/\/www.muettergegenatomgefahr.at\/index.php?rest_route=%2Fwp%2Fv2%2Fcategories&post=1571"},{"taxonomy":"post_tag","embeddable":true,"href":"https:\/\/www.muettergegenatomgefahr.at\/index.php?rest_route=%2Fwp%2Fv2%2Ftags&post=1571"}],"curies":[{"name":"wp","href":"https:\/\/api.w.org\/{rel}","templated":true}]}}