{"id":1574,"date":"2019-11-27T16:04:38","date_gmt":"2019-11-27T14:04:38","guid":{"rendered":"http:\/\/www.muettergegenatomgefahr.at\/?p=1574"},"modified":"2019-11-27T16:04:38","modified_gmt":"2019-11-27T14:04:38","slug":"atomstopp-und-klimastreik-die-gehen-gut-zusammen","status":"publish","type":"post","link":"https:\/\/www.muettergegenatomgefahr.at\/?p=1574","title":{"rendered":"atomstopp und Klimastreik: Die gehen gut zusammen!"},"content":{"rendered":"<p><a href=\"https:\/\/www.atomkraftfrei-leben.at\/petition.php?id=17\">Klimaschutz und Atomkraft? Geht gar nicht!<\/a><\/p>\n<p>Am 29. November 2019, dem <a href=\"https:\/\/fridaysforfuture.at\/events\/2019-11-29-4-weltweiter-klimastreik\" target=\"_blank\" rel=\"noopener\"> 4. Earth Strike Day<\/a>, gemeinsam mit atomstopp in Linz ein deutliches Zeichen setzen f\u00fcr Klimagerechtigkeit ohne Atomkraft. <a href=\"mailto:post@atomstopp.at\"> Wer will mit uns geh&#8217;n? <\/a> Treffpunkt: ab 12:45h bei den L\u00f6wen am Hauptbahnhof.<\/p>\n<p>&#8222;Die Atomindustrie setzt sich anl\u00e4sslich der Klimadebatte ein Tarnkapperl auf und will pl\u00f6tzlich zum Klimaretter werden. Das ist reine Image-Politur, denn sie ist vielmehr Teil des Problems, denn der L\u00f6sung! In unsrer neuesten Radiosendung <a href=\"https:\/\/cba.fro.at\/434323\" target=\"_blank\" rel=\"noopener\"> atomstopp im Freien Radio Freistadt <\/a> beleuchten wir anhand des World Nuclear Industry Status Reports <a href=\"https:\/\/www.worldnuclearreport.org\/\" target=\"_blank\" rel=\"noopener\">WNISR<\/a>, was die Atomkraft wirklich kann, weltweit \u2013 oder besser gesagt: eben nicht! Ein ganz wesentlicher Punkt dabei ist: Die Atomkraft kann unser Klima nicht retten! Wir m\u00fcssen jetzt auftreten, um diesem tendenzi\u00f6sen Schwindel Einhalt zu gebieten \u2013 noch bevor jemand daran zu glauben beginnt!&#8220;, alarmieren Gabriele Schweiger und Roland Egger von atomstopp_oberoesterreich.<\/p>\n<p>&#8222;Warum dennoch weltweit das Bild vorherrscht, ohne Atomkraft ginge gar nichts, liegt an einer gut vernetzten Propaganda-Struktur. Mit sch\u00f6ngedrehten Statistiken und Prognosen wird die Performance der Atomkraft zu einem Erfolgsmodell hochgelogen. Die Internationale Atomenergie-Beh\u00f6rde IAEA, die Europ\u00e4ische Atomgemeinschaft EURATOM, unz\u00e4hlige Lobbyisten-Vereine, flankiert von den nationalen Atomenergie-Beh\u00f6rden der AKW-betreibenden Staaten: Das alles sind geschickte Heilsredner einer Industrie, die es zu gerademal 4,4% Anteil an der weltweiten Energieversorgung bringt. Eine Er\u00f6rterung, wie mit diesem Potenzial der Klimawandel eingebremst werden sollte, bleiben die Propagandisten freilich schuldig&#8220;, stellen Schweiger und Egger fest.<\/p>\n<p>&#8222;Horrende Kosten, die ohne \u00f6ffentliche Subventionen noch nie zu stemmen waren, jahrzehntelange Bauzeiten, Umweltzerst\u00f6rung vom Uranabbau bis zur hochradioaktiv strahlenden Hinterlassenschaft, vertuschte Verst\u00f6\u00dfe w\u00e4hrend der Betriebsdauer \u2013 und diese soll dann noch ungeniert nach Ablauf der vorgesehenen Laufzeit verl\u00e4ngert werden. Von raumgreifenden Katastrophen wie Tschernobyl oder Fukushima ganz abgesehen&#8230; Das ist die wahre, desastr\u00f6se Bilanz der Atomkraft und damit ist nur ein weiteres Gef\u00e4hrdungs-Szenario er\u00f6ffnet, das unseren Planeten bedroht. Dagegen auf die Stra\u00dfe zu gehen lohnt sich allemal!&#8220;, machen Schweiger und Egger abschlie\u00dfend klar.<\/p>\n<p>Hinweis: <a href=\"https:\/\/klimavolksbegehren.at\/\" target=\"_blank\" rel=\"noopener\"> atomstopp empfiehlt: KLIMAVOLKSBEGEHREN UNTERSCHREIBEN! <\/a><\/p>\n<p>Weitere Informationen:<br \/>\nGabriele Schweiger 0680\/33 33 625<br \/>\nRoland Egger 0680\/23 93 019<\/p>\n<p><b><a href=\"http:\/\/www.atomstopp.at\/index.php\"> &gt;&gt; zur Startseite <\/a><\/b><\/p>\n","protected":false},"excerpt":{"rendered":"<p>Klimaschutz und Atomkraft? Geht gar nicht! Am 29. November 2019, dem 4. Earth Strike Day, gemeinsam mit atomstopp in Linz ein deutliches Zeichen setzen f\u00fcr Klimagerechtigkeit ohne Atomkraft. Wer will mit uns geh&#8217;n? Treffpunkt: ab 12:45h bei den L\u00f6wen am &hellip; <a href=\"https:\/\/www.muettergegenatomgefahr.at\/?p=1574\">Weiterlesen <span class=\"meta-nav\">&rarr;<\/span><\/a><\/p>\n","protected":false},"author":2,"featured_media":0,"comment_status":"open","ping_status":"open","sticky":false,"template":"","format":"standard","meta":{"footnotes":""},"categories":[1],"tags":[],"class_list":["post-1574","post","type-post","status-publish","format-standard","hentry","category-allgemein"],"_links":{"self":[{"href":"https:\/\/www.muettergegenatomgefahr.at\/index.php?rest_route=\/wp\/v2\/posts\/1574","targetHints":{"allow":["GET"]}}],"collection":[{"href":"https:\/\/www.muettergegenatomgefahr.at\/index.php?rest_route=\/wp\/v2\/posts"}],"about":[{"href":"https:\/\/www.muettergegenatomgefahr.at\/index.php?rest_route=\/wp\/v2\/types\/post"}],"author":[{"embeddable":true,"href":"https:\/\/www.muettergegenatomgefahr.at\/index.php?rest_route=\/wp\/v2\/users\/2"}],"replies":[{"embeddable":true,"href":"https:\/\/www.muettergegenatomgefahr.at\/index.php?rest_route=%2Fwp%2Fv2%2Fcomments&post=1574"}],"version-history":[{"count":1,"href":"https:\/\/www.muettergegenatomgefahr.at\/index.php?rest_route=\/wp\/v2\/posts\/1574\/revisions"}],"predecessor-version":[{"id":1575,"href":"https:\/\/www.muettergegenatomgefahr.at\/index.php?rest_route=\/wp\/v2\/posts\/1574\/revisions\/1575"}],"wp:attachment":[{"href":"https:\/\/www.muettergegenatomgefahr.at\/index.php?rest_route=%2Fwp%2Fv2%2Fmedia&parent=1574"}],"wp:term":[{"taxonomy":"category","embeddable":true,"href":"https:\/\/www.muettergegenatomgefahr.at\/index.php?rest_route=%2Fwp%2Fv2%2Fcategories&post=1574"},{"taxonomy":"post_tag","embeddable":true,"href":"https:\/\/www.muettergegenatomgefahr.at\/index.php?rest_route=%2Fwp%2Fv2%2Ftags&post=1574"}],"curies":[{"name":"wp","href":"https:\/\/api.w.org\/{rel}","templated":true}]}}