{"id":1581,"date":"2019-12-15T14:30:56","date_gmt":"2019-12-15T12:30:56","guid":{"rendered":"http:\/\/www.muettergegenatomgefahr.at\/?p=1581"},"modified":"2019-12-15T14:30:56","modified_gmt":"2019-12-15T12:30:56","slug":"atomstopp-oesterreichische-atom-duldungsstarre-oder-schon-akzeptanz-fuer-atomkraft","status":"publish","type":"post","link":"https:\/\/www.muettergegenatomgefahr.at\/?p=1581","title":{"rendered":"atomstopp: \u00d6sterreichische Atom-Duldungsstarre oder schon Akzeptanz f\u00fcr Atomkraft?"},"content":{"rendered":"<p class=\"untertitel\"><em>EU-Beschluss f\u00fcr freie Pro-Atomkraft-Wahl Alarmsignal f\u00fcr weitere Nutzung der Atomkraft in Europa<\/em><\/p>\n<p class=\"text\">&#8222;Im Rahmen des EU-Gipfels wurde diese Woche eine Einigung zum Ziel der Klimaneutralit\u00e4t bis 2050 beschlossen. Darin wird es Staaten dezidiert zugestanden, Atomkraft in ihrem Energieportfolio beibehalten zu d\u00fcrfen. Auch, oder gerade im Hinblick auf Klimaschutz! Was als Alarmsignal f\u00fcr die weitere Nutzung der Atomkraft in Europa verstanden werden muss, ruft bei der \u00f6sterreichischen Spitzenpolitik nur Achselzucken hervor? Oder wie ist es zu verstehen, dass kein allgemeiner Aufschrei zu h\u00f6ren war \u2013 Koalitionsverhandlungen hin oder her? Besch\u00e4ftigung der Parteien mit sich selbst \u2013 hin oder her? Ist es Duldungsstarre oder gar schon offene Akzeptanz f\u00fcr Atomkraft, dass von der \u00f6sterreichischen Politik an dieser Stelle kein vehementer Aufschrei sondern, dem Vernehmen nach, sogar Lob zu h\u00f6ren ist?&#8220;, fragen sich Gabriele Schweiger und Roland Egger von atomstopp_oberoesterreich<\/p>\n<p class=\"text\">&#8222;Konkret lautet die Formulierung im Kompromisspapier: \u2018Some Member States have indicated that they use nuclear energy as part of their national energy mix.\u2019 Es ist schon klar, dass laut EU-Recht der Energiemix jedes EU-Staates nationale Angelegenheit ist \u2013 und dass es dabei egal, ob dadurch die Nachbarstaaten einer radioaktiven Gef\u00e4hrdung ausgesetzt werden. Aber das hat mit einem GREEN DEAL nicht zu tun! Einer zukunftstauglichen Energiewende steht dieser Passus diametral entgegen!&#8220;, so Schweiger und Egger, die deshalb an alle Fraktionen im \u00f6sterreichischen Nationalrat die folgenden Anfragen stellen:<\/p>\n<h3><strong>Wie bewerten Sie den europ\u00e4ischen Kompromiss, dass Atomkraft als Zugest\u00e4ndnis an<br \/>\n<\/strong><strong>EU-Mitgliedsstaaten weiter Teil im Energiemix sein soll?<br \/>\n<\/strong><strong>Tragen Sie diese Entscheidung mit?<br \/>\n<\/strong><strong>Und wenn nicht: Wie werden Sie dagegen vorgehen? <\/strong><\/h3>\n<p class=\"text\">&#8222;Wir sind gespannt, auf die Erkl\u00e4rungen! Alle Antworten \u2013 bzw. nat\u00fcrlich auch Nichtbeantwortungen \u2013 werden selbstverst\u00e4ndlich auch ver\u00f6ffentlicht. Gerade in Zeiten, wo es um entscheidende Weichenstellung der Energiezukunft geht, haben die B\u00fcrger_innen ein Recht auf Stellungnahmen der Parteien&#8220;, so Schweiger und Egger abschlie\u00dfend.<\/p>\n<h3>R\u00fcckfragen &amp; Kontakt:<\/h3>\n<p class=\"text\">Gabriele Schweiger 0680\/33 33 625<br \/>\nRoland Egger 0680\/23 93 019<\/p>\n","protected":false},"excerpt":{"rendered":"<p>EU-Beschluss f\u00fcr freie Pro-Atomkraft-Wahl Alarmsignal f\u00fcr weitere Nutzung der Atomkraft in Europa &#8222;Im Rahmen des EU-Gipfels wurde diese Woche eine Einigung zum Ziel der Klimaneutralit\u00e4t bis 2050 beschlossen. Darin wird es Staaten dezidiert zugestanden, Atomkraft in ihrem Energieportfolio beibehalten zu &hellip; <a href=\"https:\/\/www.muettergegenatomgefahr.at\/?p=1581\">Weiterlesen <span class=\"meta-nav\">&rarr;<\/span><\/a><\/p>\n","protected":false},"author":2,"featured_media":0,"comment_status":"open","ping_status":"open","sticky":false,"template":"","format":"standard","meta":{"footnotes":""},"categories":[1],"tags":[],"class_list":["post-1581","post","type-post","status-publish","format-standard","hentry","category-allgemein"],"_links":{"self":[{"href":"https:\/\/www.muettergegenatomgefahr.at\/index.php?rest_route=\/wp\/v2\/posts\/1581","targetHints":{"allow":["GET"]}}],"collection":[{"href":"https:\/\/www.muettergegenatomgefahr.at\/index.php?rest_route=\/wp\/v2\/posts"}],"about":[{"href":"https:\/\/www.muettergegenatomgefahr.at\/index.php?rest_route=\/wp\/v2\/types\/post"}],"author":[{"embeddable":true,"href":"https:\/\/www.muettergegenatomgefahr.at\/index.php?rest_route=\/wp\/v2\/users\/2"}],"replies":[{"embeddable":true,"href":"https:\/\/www.muettergegenatomgefahr.at\/index.php?rest_route=%2Fwp%2Fv2%2Fcomments&post=1581"}],"version-history":[{"count":1,"href":"https:\/\/www.muettergegenatomgefahr.at\/index.php?rest_route=\/wp\/v2\/posts\/1581\/revisions"}],"predecessor-version":[{"id":1582,"href":"https:\/\/www.muettergegenatomgefahr.at\/index.php?rest_route=\/wp\/v2\/posts\/1581\/revisions\/1582"}],"wp:attachment":[{"href":"https:\/\/www.muettergegenatomgefahr.at\/index.php?rest_route=%2Fwp%2Fv2%2Fmedia&parent=1581"}],"wp:term":[{"taxonomy":"category","embeddable":true,"href":"https:\/\/www.muettergegenatomgefahr.at\/index.php?rest_route=%2Fwp%2Fv2%2Fcategories&post=1581"},{"taxonomy":"post_tag","embeddable":true,"href":"https:\/\/www.muettergegenatomgefahr.at\/index.php?rest_route=%2Fwp%2Fv2%2Ftags&post=1581"}],"curies":[{"name":"wp","href":"https:\/\/api.w.org\/{rel}","templated":true}]}}