{"id":174,"date":"2011-05-02T15:35:48","date_gmt":"2011-05-02T13:35:48","guid":{"rendered":"http:\/\/www.muettergegenatomgefahr.at\/?p=174"},"modified":"2011-05-02T15:35:48","modified_gmt":"2011-05-02T13:35:48","slug":"wir-wehren-uns-menschenkette-gegen-atomkraft-in-freistadt","status":"publish","type":"post","link":"https:\/\/www.muettergegenatomgefahr.at\/?p=174","title":{"rendered":"Wir wehren uns! &#8211;  Menschenkette gegen Atomkraft in Freistadt!"},"content":{"rendered":"<p><em>Im April 1993 wehrte sich ein Bezirk gegen Temelin auf dem Freist\u00e4dter <\/em><br \/>\n<em>Hauptplatz. 18 Jahre sp\u00e4ter wehrt sich ganz Europa gegen die Atomenergie.<\/em><br \/>\n<em>Ober\u00f6sterreichische, deutsche und tschechische Anti Atom Organisationen <\/em><br \/>\n<em>wollen dazu noch im Mai auf dem Freist\u00e4dter Hauptplatz ein kr\u00e4ftiges Zeichen setzen.<\/em><\/p>\n<p>\u201eEin Bezirk wehrt sich!\u201c lautete im April 1993 das Motto gegen das AKW<br \/>\nTemelin, das damals noch in einer fr\u00fchen Bauphase steckte und im Herbst<br \/>\n2000, als unter massiven Protesten der Bev\u00f6lkerung der 1. Block in Betrieb<br \/>\nging.<\/p>\n<p>Unter dem Eindruck der Atomkatastrophe im japanischen Fukushima, deren<br \/>\nAusma\u00dfe und Auswirkungen heute nicht im Mindesten absch\u00e4tzbar sind, wehrt<br \/>\nsich nun ganz Europa zunehmend gegen die Atomenergie.<\/p>\n<p>\u201eAm 14. Mai 2011 von 17 \u2013 19 Uhr werden mit dem Anti Atom Komitee, atomstopp_atomkraftfrei leben, den Freist\u00e4dter M\u00fctter gegen Atomgefahr als Vertreter Ober\u00f6sterreichs, der bayerischen Plattform gegen Atomgefahren und mit OIZB, CALLA und den s\u00fcdb\u00f6hmischen M\u00fcttern insgesamt sieben Organisationen aus drei L\u00e4ndern auf dem Freist\u00e4dter Hauptplatz ein kr\u00e4ftiges Zeichen gegen diese unkalkulierbare Risikotechnologie setzen\u201c, so Manfred Doppler vom Anti Atom Komitee.<\/p>\n<p>\u201eWir hoffen auf eine breite Unterst\u00fctzung der Bev\u00f6lkerung und von<br \/>\nOrganisationen und w\u00fcnschen uns, dass noch viele hinzukommen, denn die<br \/>\nVeranstaltung in Freistadt soll der Auftakt zu einer Reihe in allen drei<br \/>\nL\u00e4ndern sein. Ein Supergau wie in Japan kann sich auch in Europa ereignen,<br \/>\nauch wenn es bei uns keine Tsunamis gibt\u201c, erg\u00e4nzt Roland Egger, Obmann von<br \/>\natomstopp_ atomkraftfrei leben.<br \/>\n\u201eWir sind dabei,\u00a0ein reichhaltiges und informatives Programm zusammen zu<br \/>\nstellen, wo auch verschiedene Initiativen und Aktivit\u00e4ten vorgestellt<br \/>\nwerden, an denen sich jeder beteiligen und seine Stimme gegen die<br \/>\nAtomenergie erheben kann. Das genaue Programm gibts dann n\u00e4chste Woche\u201c, so<br \/>\nGabi Schweiger von den Freist\u00e4dter M\u00fcttern abschlie\u00dfend.<\/p>\n<p>R\u00fcckfragen:<br \/>\nManfred Doppler + 43 664 450 50 15<br \/>\nRoland Egger + 43 680 23 93 019<br \/>\nGabriele Schweiger + 43 664 390 77 09<\/p>\n","protected":false},"excerpt":{"rendered":"<p>Im April 1993 wehrte sich ein Bezirk gegen Temelin auf dem Freist\u00e4dter Hauptplatz. 18 Jahre sp\u00e4ter wehrt sich ganz Europa gegen die Atomenergie. Ober\u00f6sterreichische, deutsche und tschechische Anti Atom Organisationen wollen dazu noch im Mai auf dem Freist\u00e4dter Hauptplatz ein &hellip; <a href=\"https:\/\/www.muettergegenatomgefahr.at\/?p=174\">Weiterlesen <span class=\"meta-nav\">&rarr;<\/span><\/a><\/p>\n","protected":false},"author":2,"featured_media":0,"comment_status":"open","ping_status":"open","sticky":false,"template":"","format":"standard","meta":{"footnotes":""},"categories":[1],"tags":[],"class_list":["post-174","post","type-post","status-publish","format-standard","hentry","category-allgemein"],"_links":{"self":[{"href":"https:\/\/www.muettergegenatomgefahr.at\/index.php?rest_route=\/wp\/v2\/posts\/174","targetHints":{"allow":["GET"]}}],"collection":[{"href":"https:\/\/www.muettergegenatomgefahr.at\/index.php?rest_route=\/wp\/v2\/posts"}],"about":[{"href":"https:\/\/www.muettergegenatomgefahr.at\/index.php?rest_route=\/wp\/v2\/types\/post"}],"author":[{"embeddable":true,"href":"https:\/\/www.muettergegenatomgefahr.at\/index.php?rest_route=\/wp\/v2\/users\/2"}],"replies":[{"embeddable":true,"href":"https:\/\/www.muettergegenatomgefahr.at\/index.php?rest_route=%2Fwp%2Fv2%2Fcomments&post=174"}],"version-history":[{"count":1,"href":"https:\/\/www.muettergegenatomgefahr.at\/index.php?rest_route=\/wp\/v2\/posts\/174\/revisions"}],"predecessor-version":[{"id":175,"href":"https:\/\/www.muettergegenatomgefahr.at\/index.php?rest_route=\/wp\/v2\/posts\/174\/revisions\/175"}],"wp:attachment":[{"href":"https:\/\/www.muettergegenatomgefahr.at\/index.php?rest_route=%2Fwp%2Fv2%2Fmedia&parent=174"}],"wp:term":[{"taxonomy":"category","embeddable":true,"href":"https:\/\/www.muettergegenatomgefahr.at\/index.php?rest_route=%2Fwp%2Fv2%2Fcategories&post=174"},{"taxonomy":"post_tag","embeddable":true,"href":"https:\/\/www.muettergegenatomgefahr.at\/index.php?rest_route=%2Fwp%2Fv2%2Ftags&post=174"}],"curies":[{"name":"wp","href":"https:\/\/api.w.org\/{rel}","templated":true}]}}