{"id":176,"date":"2011-05-03T10:22:20","date_gmt":"2011-05-03T08:22:20","guid":{"rendered":"http:\/\/www.muettergegenatomgefahr.at\/?p=176"},"modified":"2011-05-03T10:22:20","modified_gmt":"2011-05-03T08:22:20","slug":"dreilanderubergreifende-antiatom-arbeit-ist-gebot-der-stunde-nein-zu-weiteren-temelin-reaktoren-nein-zur-akw-laufzeitverlangerung-in-deutschland","status":"publish","type":"post","link":"https:\/\/www.muettergegenatomgefahr.at\/?p=176","title":{"rendered":"Dreil\u00e4nder\u00fcbergreifende Antiatom-Arbeit ist Gebot der Stunde! Nein zu weiteren Temelin-Reaktoren &#8211; Nein zur AKW-Laufzeitverl\u00e4ngerung in Deutschland"},"content":{"rendered":"<p><em>atomstopp_oberoesterreich am 03.05.2011 <\/em><\/p>\n<p>&#8222;Absolut inakzeptabel und skrupellos: In Tschechien wird die deutsche Atomdiskussion mit gro\u00dfer Spannung verfolgt, verspricht doch der deutsche Ausstieg aus der Atomenergie neue Absatzchancen f\u00fcr Atomstrom aus Tschechien! Der Vorstandsvorsitzende des Betreibers CEZ &#8211; Milan Roman &#8211; sprach in der gestrigen Ausgabe des deutschen Handelsblatts, ganz offen die sich ergebende Chance f\u00fcr die tschechische Atomindustrie an und denkt bereits an neue \u00dcberlandleitungen von Tschechien nach Deutschland!&#8220;, sind Roland Egger, Gabriele Schweiger (atomstopp_oberoesterreich) und Manfred Doppler (Anti Atom Komitee) emp\u00f6rt.<\/p>\n<p>&#8222;Wir sagen ganz klar: Nein zu weiteren Temelin-Reaktoren und Nein zur AKW-Laufzeitverl\u00e4ngerung in Deutschland! Wir finden es absolut inakzeptabel und skrupellos, dass man in Tschechien aus dem Umdenken in Deutschland Profit schlagen will! Dreil\u00e4nder\u00fcbergreifende Antiatom-Arbeit ist deshalb das Gebot der Stunde!&#8220;, so Egger, Schweiger und Doppler weiter.<\/p>\n<p><strong>STOP Atomkraft &#8211; Wir wehren uns!<\/strong><\/p>\n<p>Unter diesem Motto findet am 14. Mai auf dem Hauptplatz in Freistadt von 17 bis 19 Uhr eine Informationsveranstaltung statt, bei der Initiativen und Aktionen zum Mitmachen vorgestellt werden. Organisationen aus Tschechien, Deutschland und \u00d6sterreich werden daran teilnehmen.<\/p>\n<p>Weitere Informationen:<\/p>\n<p>Roland Egger  + 43 680 23 93 019<br \/>\nGabriele Schweiger + 43 664 390 77 09<br \/>\nManfred Doppler +43 664 450 50 15<\/p>\n","protected":false},"excerpt":{"rendered":"<p>atomstopp_oberoesterreich am 03.05.2011 &#8222;Absolut inakzeptabel und skrupellos: In Tschechien wird die deutsche Atomdiskussion mit gro\u00dfer Spannung verfolgt, verspricht doch der deutsche Ausstieg aus der Atomenergie neue Absatzchancen f\u00fcr Atomstrom aus Tschechien! Der Vorstandsvorsitzende des Betreibers CEZ &#8211; Milan Roman &#8211; &hellip; <a href=\"https:\/\/www.muettergegenatomgefahr.at\/?p=176\">Weiterlesen <span class=\"meta-nav\">&rarr;<\/span><\/a><\/p>\n","protected":false},"author":2,"featured_media":0,"comment_status":"open","ping_status":"open","sticky":false,"template":"","format":"standard","meta":{"footnotes":""},"categories":[1],"tags":[],"class_list":["post-176","post","type-post","status-publish","format-standard","hentry","category-allgemein"],"_links":{"self":[{"href":"https:\/\/www.muettergegenatomgefahr.at\/index.php?rest_route=\/wp\/v2\/posts\/176","targetHints":{"allow":["GET"]}}],"collection":[{"href":"https:\/\/www.muettergegenatomgefahr.at\/index.php?rest_route=\/wp\/v2\/posts"}],"about":[{"href":"https:\/\/www.muettergegenatomgefahr.at\/index.php?rest_route=\/wp\/v2\/types\/post"}],"author":[{"embeddable":true,"href":"https:\/\/www.muettergegenatomgefahr.at\/index.php?rest_route=\/wp\/v2\/users\/2"}],"replies":[{"embeddable":true,"href":"https:\/\/www.muettergegenatomgefahr.at\/index.php?rest_route=%2Fwp%2Fv2%2Fcomments&post=176"}],"version-history":[{"count":2,"href":"https:\/\/www.muettergegenatomgefahr.at\/index.php?rest_route=\/wp\/v2\/posts\/176\/revisions"}],"predecessor-version":[{"id":178,"href":"https:\/\/www.muettergegenatomgefahr.at\/index.php?rest_route=\/wp\/v2\/posts\/176\/revisions\/178"}],"wp:attachment":[{"href":"https:\/\/www.muettergegenatomgefahr.at\/index.php?rest_route=%2Fwp%2Fv2%2Fmedia&parent=176"}],"wp:term":[{"taxonomy":"category","embeddable":true,"href":"https:\/\/www.muettergegenatomgefahr.at\/index.php?rest_route=%2Fwp%2Fv2%2Fcategories&post=176"},{"taxonomy":"post_tag","embeddable":true,"href":"https:\/\/www.muettergegenatomgefahr.at\/index.php?rest_route=%2Fwp%2Fv2%2Ftags&post=176"}],"curies":[{"name":"wp","href":"https:\/\/api.w.org\/{rel}","templated":true}]}}