{"id":338,"date":"2011-09-21T10:32:53","date_gmt":"2011-09-21T08:32:53","guid":{"rendered":"http:\/\/www.muettergegenatomgefahr.at\/?p=338"},"modified":"2011-09-21T10:32:53","modified_gmt":"2011-09-21T08:32:53","slug":"atomstopp-europaweiter-atomausstieg-im-schatten-von-euratom","status":"publish","type":"post","link":"https:\/\/www.muettergegenatomgefahr.at\/?p=338","title":{"rendered":"atomstopp: Europaweiter Atomausstieg im Schatten von EURATOM?"},"content":{"rendered":"<p><em> Anti-Atom-Konferenz zum Thema am 23.\/24. September in Berlin<\/em><\/p>\n<p><em><\/em> &#8222;Die \u00f6sterreichische Bundesregierung verteidigt stereotyp die europ\u00e4ische Atomgemeinschaft EURATOM und l\u00e4sst zu, dass wir mit unseren Steuergeldern f\u00fcr den Aufbau einer m\u00e4chtigen europ\u00e4ischen Atomindustrie mitzahlen m\u00fcssen! Mehr noch: auch \u00f6sterreichische Minister tragen mit ihren Beschl\u00fcssen im Ministerrat dazu bei, der europ\u00e4ischen Atomwirtschaft eine gesicherte Zukunft zu gew\u00e4hrleisten, ihrer z\u00fcgigen Weiterentwicklung Berechtigung zu verschaffen! Gleichzeitig fantasiert man in Wien von einem europaweiten Atomausstieg! Kann das \u00fcberhaupt gelingen? Aus der Atomenergie aussteigen &#8211; im Schatten von EURATOM?&#8220;, fragen sich auch Roland Egger und Gabriele Schweiger, Sprecher von atomstopp_oberoesterreich und Inititoren des EURATOM-Volksbegehrens.<\/p>\n<p>&#8222;Wir freuen uns, dass von den Linken im deutschen Bundestag zu dieser Frage eine Anti-Atom-Konferenz veranstaltet wird und diskutiert wird, ob EURATOM die atomare Energieversorgung sicherer macht, ob ein europaweiter Atomausstieg an EURATOM scheitern darf und ob EURATOM die Erneuerbare-Energien-Wende hin zu einer dezentralen und sozial\u00f6kologischen Energieversorgung verhindert!&#8220;, so Egger und Schweiger weiter.  &#8222;Wir w\u00fcnschen uns auch in \u00d6sterreich eine seri\u00f6se inhaltliche Auseinandersetzung mit der Mitgliedschaft \u00d6sterreichs bei EURATOM: den Auftrag zu einer solchen Auseinandersetzung hat die Bundesregierung in mehrfacher Hinsicht erhalten: 318 Gemeinden in \u00d6sterreich haben Resolutionen zum Ausstieg aus EURATOM verabschiedet &#8211; ebenso alle neun Landtage. An die 100.000 \u00d6sterreicher_innen haben das RAUS-aus-EURATOM-Volksbegehren unterst\u00fctzt, 98 Organisationen aus dem Umwelt-Ethik-Antiatom-Bereich sind Unterst\u00fctzer der Kampagne &#8222;\u00d6sterreich &#8211; RAUS aus EURATOM&#8220;.<\/p>\n<p>\u00d6sterreich m\u00fcsste also schon viel weiter sein. Doch im Gegensatz zu fr\u00fcheren Bundesregierungen, die etwa die Volksabstimmung \u00fcber das Atomkraftwerk zulie\u00dfen oder daf\u00fcr gesorgt haben, dass das Atomsperrgesetz in der Verfassung verankert wurde, l\u00e4sst die aktuelle Bundesregierung \u00d6sterreich antiatom-politisch v\u00f6llig in die Bedeutungslosigkeit abgleiten.&#8220; so Egger und Schweiger, die angesichts der Unt\u00e4tigkeit der Bundesregierung eine Neuauflage des EURATOM-Volksbegehrens \u00fcberlegen.<\/p>\n<p>Weitere Informationen:<\/p>\n<p><a href=\"http:\/\/www.raus-aus-euratom.de\/\" target=\"_blank\">www.raus-aus-euratom.de<\/a> und <a href=\"http:\/\/www.raus-aus-euratom.at\/\">www.raus-aus-euratom.at<\/a><\/p>\n<p>Roland Egger + 43 680 23 93 019<br \/>\nGabriele Schweiger + 43 680 33 33 625<\/p>\n","protected":false},"excerpt":{"rendered":"<p>Anti-Atom-Konferenz zum Thema am 23.\/24. September in Berlin &#8222;Die \u00f6sterreichische Bundesregierung verteidigt stereotyp die europ\u00e4ische Atomgemeinschaft EURATOM und l\u00e4sst zu, dass wir mit unseren Steuergeldern f\u00fcr den Aufbau einer m\u00e4chtigen europ\u00e4ischen Atomindustrie mitzahlen m\u00fcssen! Mehr noch: auch \u00f6sterreichische Minister tragen &hellip; <a href=\"https:\/\/www.muettergegenatomgefahr.at\/?p=338\">Weiterlesen <span class=\"meta-nav\">&rarr;<\/span><\/a><\/p>\n","protected":false},"author":2,"featured_media":0,"comment_status":"open","ping_status":"open","sticky":false,"template":"","format":"standard","meta":{"footnotes":""},"categories":[1],"tags":[],"class_list":["post-338","post","type-post","status-publish","format-standard","hentry","category-allgemein"],"_links":{"self":[{"href":"https:\/\/www.muettergegenatomgefahr.at\/index.php?rest_route=\/wp\/v2\/posts\/338","targetHints":{"allow":["GET"]}}],"collection":[{"href":"https:\/\/www.muettergegenatomgefahr.at\/index.php?rest_route=\/wp\/v2\/posts"}],"about":[{"href":"https:\/\/www.muettergegenatomgefahr.at\/index.php?rest_route=\/wp\/v2\/types\/post"}],"author":[{"embeddable":true,"href":"https:\/\/www.muettergegenatomgefahr.at\/index.php?rest_route=\/wp\/v2\/users\/2"}],"replies":[{"embeddable":true,"href":"https:\/\/www.muettergegenatomgefahr.at\/index.php?rest_route=%2Fwp%2Fv2%2Fcomments&post=338"}],"version-history":[{"count":2,"href":"https:\/\/www.muettergegenatomgefahr.at\/index.php?rest_route=\/wp\/v2\/posts\/338\/revisions"}],"predecessor-version":[{"id":340,"href":"https:\/\/www.muettergegenatomgefahr.at\/index.php?rest_route=\/wp\/v2\/posts\/338\/revisions\/340"}],"wp:attachment":[{"href":"https:\/\/www.muettergegenatomgefahr.at\/index.php?rest_route=%2Fwp%2Fv2%2Fmedia&parent=338"}],"wp:term":[{"taxonomy":"category","embeddable":true,"href":"https:\/\/www.muettergegenatomgefahr.at\/index.php?rest_route=%2Fwp%2Fv2%2Fcategories&post=338"},{"taxonomy":"post_tag","embeddable":true,"href":"https:\/\/www.muettergegenatomgefahr.at\/index.php?rest_route=%2Fwp%2Fv2%2Ftags&post=338"}],"curies":[{"name":"wp","href":"https:\/\/api.w.org\/{rel}","templated":true}]}}