{"id":346,"date":"2011-10-19T19:08:30","date_gmt":"2011-10-19T17:08:30","guid":{"rendered":"http:\/\/www.muettergegenatomgefahr.at\/?p=346"},"modified":"2011-10-19T19:25:30","modified_gmt":"2011-10-19T17:25:30","slug":"liebe-atomgegner_innen-liebe-freund_innen","status":"publish","type":"post","link":"https:\/\/www.muettergegenatomgefahr.at\/?p=346","title":{"rendered":"Liebe Atomgegner_innen! Liebe Freund_innen!"},"content":{"rendered":"<p>Die Reaktorkatastrophe von Fukushima hat klar aufgezeigt: Atomkraft ist ein Risiko und die Folgen sind unabsehbar! Einige europ\u00e4ische Staaten haben ihre Schl\u00fcsse daraus gezogen und den Ausstieg aus der Atomkraft beschlossen \u2013 andere Staaten setzen mehr denn je auf die Atomkraft (wie Tschechien, die Slowakei, Slowenien, Polen), er\u00f6ffnet doch der Atomausstieg einiger L\u00e4nder (Deutschland, Italien, Schweiz) neue Absatzm\u00e4rkte f\u00fcr Atomstrom.<\/p>\n<p>In \u00d6sterreich zeigt sich die Bundesregierung zwar scheinbar bem\u00fcht, den europ\u00e4ischen Atomausstieg voranzutreiben. Gleichzeitig will man aber nichts von einem gesetzlichen Atomstrom-Importverbot wissen, \u00f6ffnet mit einer unzul\u00e4nglichen Stromkennzeichnung dem Import von Atomstrom T\u00fcr und Tor, setzt man auf oberfl\u00e4chliche AKW-Stresstests, verteidigt man die Mitgliedschaft \u00d6sterreichs bei der europ\u00e4ischen Atomgemeinschaft EURATOM, unternimmt man nichts gegen die Durchf\u00fchrung von EU-rechtswidrigen Umweltvertr\u00e4glichkeitspr\u00fcfungen zum Ausbau von Temelin und Mochovce.<\/p>\n<p><strong>Ein Treffen aller interessierten Antiatom-Gruppen, von Gruppen, die sich in diesem Bereich engagieren oder engagieren wollen, aber gerne auch Einzelpersonen scheint wichtig, <\/strong>weshalb f\u00fcr<\/p>\n<p style=\"text-align: center;\"><em><strong>Samstag, 26. November 2011 \u2013 10 bis 16 Uhr<br \/>\nPromenade 37, 4020 Linz,<br \/>\nFestsaal 2. Stock<\/strong><\/em><\/p>\n<p style=\"text-align: right;\">zu einem Treffen eingeladen wird.<\/p>\n<p>Organisiert wird das Treffen von <a href=\"http:\/\/www.atomkraftfrei-leben.at\" target=\"_blank\"><span style=\"text-decoration: underline;\"><em>atomstopp_atomkraftfrei leben!<\/em><\/span> <\/a>, dem <a href=\"http:\/\/www.anti.atom.at\" target=\"_blank\"><span style=\"text-decoration: underline;\"><em>Anti Atom Komitee<\/em><\/span><\/a> und den <a href=\"http:\/\/www.muettergegenatomgefahr.at\" target=\"_blank\"><span style=\"text-decoration: underline;\"><em>M\u00fcttern gegen Atomgefahr<\/em><\/span><\/a><\/p>\n<p><strong>Im Mittelpunkt soll die Vernetzung untereinander stehen, der Ideenaustausch und Informationen \u00fcber Projekte\/Vorhaben in der n\u00e4chsten Zeit.<\/strong><\/p>\n<p>Allen Teilnehmer_innen soll Raum geboten werden, sich und ihre Initiativen zu pr\u00e4sentieren. Flipcharts, Beamer, Pinw\u00e4nde, etc. werden zur Verf\u00fcgung stehen.<\/p>\n<p>Besonders interessant und wichtig erscheint uns, ein \u00f6sterreichisches Atomstrom-Importverbot. Damit k\u00f6nnten die Ausbaupl\u00e4ne in einigen europ\u00e4ischen Staaten einen entscheidenden D\u00e4mpfer bekommen, weshalb dazu auch vorrangig diskutiert werden soll.   Wir ermuntern euch, diese Einladung auch an euch bekannte Gruppen, Personen, Vereine weiterzuleiten, von denen ihr glaubt, dass Interesse an dem Treffen besteht.<\/p>\n<p>F\u00fcr die weitere Organisation ist eine R\u00fcckmeldung allerdings wichtig!   Bei dieser R\u00fcckmeldung sollte bitte angegeben werden, wie viele Personen teilnehmen werden, Name der Organisation (Verein), ob eigene Projekte vorgestellt werden, welche Themen interessieren, welche Erwartungen man an das Treffen hat<\/p>\n<p>R\u00fcckmeldungen bitte so bald als m\u00f6glich (jedoch bis sp\u00e4testens 15. November 2011) an post@atomstopp.at (= Verein atomstopp_atomkraftfrei leben!) schicken.<\/p>\n<p>Wir freuen uns auf das Treffen!<br \/>\nRoland Egger \u2013 atomstopp_atomkraftfrei leben! \u2013 Tel: 0680 23 93 019<br \/>\nGabriele Schweiger \u2013 M\u00fctter gegen Atomgefahr \u2013 Tel: 0680 33 33 625<br \/>\nManfred Doppler \u2013 Anti Atom Komitee \u2013 Tel: 0664 450 50 15<\/p>\n<p>&nbsp;<\/p>\n","protected":false},"excerpt":{"rendered":"<p>Die Reaktorkatastrophe von Fukushima hat klar aufgezeigt: Atomkraft ist ein Risiko und die Folgen sind unabsehbar! Einige europ\u00e4ische Staaten haben ihre Schl\u00fcsse daraus gezogen und den Ausstieg aus der Atomkraft beschlossen \u2013 andere Staaten setzen mehr denn je auf die &hellip; <a href=\"https:\/\/www.muettergegenatomgefahr.at\/?p=346\">Weiterlesen <span class=\"meta-nav\">&rarr;<\/span><\/a><\/p>\n","protected":false},"author":2,"featured_media":0,"comment_status":"open","ping_status":"open","sticky":false,"template":"","format":"standard","meta":{"footnotes":""},"categories":[1],"tags":[],"class_list":["post-346","post","type-post","status-publish","format-standard","hentry","category-allgemein"],"_links":{"self":[{"href":"https:\/\/www.muettergegenatomgefahr.at\/index.php?rest_route=\/wp\/v2\/posts\/346","targetHints":{"allow":["GET"]}}],"collection":[{"href":"https:\/\/www.muettergegenatomgefahr.at\/index.php?rest_route=\/wp\/v2\/posts"}],"about":[{"href":"https:\/\/www.muettergegenatomgefahr.at\/index.php?rest_route=\/wp\/v2\/types\/post"}],"author":[{"embeddable":true,"href":"https:\/\/www.muettergegenatomgefahr.at\/index.php?rest_route=\/wp\/v2\/users\/2"}],"replies":[{"embeddable":true,"href":"https:\/\/www.muettergegenatomgefahr.at\/index.php?rest_route=%2Fwp%2Fv2%2Fcomments&post=346"}],"version-history":[{"count":5,"href":"https:\/\/www.muettergegenatomgefahr.at\/index.php?rest_route=\/wp\/v2\/posts\/346\/revisions"}],"predecessor-version":[{"id":348,"href":"https:\/\/www.muettergegenatomgefahr.at\/index.php?rest_route=\/wp\/v2\/posts\/346\/revisions\/348"}],"wp:attachment":[{"href":"https:\/\/www.muettergegenatomgefahr.at\/index.php?rest_route=%2Fwp%2Fv2%2Fmedia&parent=346"}],"wp:term":[{"taxonomy":"category","embeddable":true,"href":"https:\/\/www.muettergegenatomgefahr.at\/index.php?rest_route=%2Fwp%2Fv2%2Fcategories&post=346"},{"taxonomy":"post_tag","embeddable":true,"href":"https:\/\/www.muettergegenatomgefahr.at\/index.php?rest_route=%2Fwp%2Fv2%2Ftags&post=346"}],"curies":[{"name":"wp","href":"https:\/\/api.w.org\/{rel}","templated":true}]}}