{"id":352,"date":"2011-10-24T12:17:43","date_gmt":"2011-10-24T10:17:43","guid":{"rendered":"http:\/\/www.muettergegenatomgefahr.at\/?p=352"},"modified":"2011-10-24T12:17:43","modified_gmt":"2011-10-24T10:17:43","slug":"atomstopp-anti-atom-komitee-und-mutter-gegen-atomgefahr-wir-sind-gegen-atomenergie-sind-wir-deswegen-trottel","status":"publish","type":"post","link":"https:\/\/www.muettergegenatomgefahr.at\/?p=352","title":{"rendered":"atomstopp, Anti Atom Komitee und M\u00fctter gegen Atomgefahr: Wir sind gegen Atomenergie! Sind wir deswegen Trottel?"},"content":{"rendered":"<p><em>Aktion von Atomgegner_innen in Linz anl\u00e4sslich des Arbeitsbesuchs des tschechischen Pr\u00e4sidenten Vaclav Klaus<\/em><\/p>\n<p>Morgen, Dienstag, 25.10., kommt der tschechische Pr\u00e4sidenten Vaclav Klaus zu einem Arbeitsbesuch nach Linz. Atomgegner_innen werden ihn dabei mit der Frage konfrontieren:   &#8222;Wir sind gegen Atomenergie! Sind wir deswegen Trottel?&#8220;<\/p>\n<p><em>Aktionsort: \u00d6ffentlicher Raum vor Raiffeisenlandesbank, Europaplatz 1a, 4020 Linz<br \/>\nAktionszeit: 11:30 Uhr &#8211; 13:00 Uhr<\/em><\/p>\n<p>&#8222;Wegen unseres Einsatzes gegen Atomenergie und unserer Aktionen gegen das Atomkraftwerk Temelin mussten wir uns schon einiges an unqualifizierter Kritik aus Tschechien gefallen lassen, unter anderem hat uns der Au\u00dfenminister Karel Schwarzenberg als &#8222;Magori&#8220;, als &#8222;Trottel&#8220; bezeichnet. Tschechien ist voll auf Atomkurs &#8211; mittelfristig soll der Atomstromanteil auf \u00fcber 80% ansteigen, die Genehmigungsverfahren sollen beschleunigt werden, der Uranabbau forciert werden, neue Standorte f\u00fcr Atomkraftwerke gepr\u00fcft werden. Tschechien ist auf dem Weg zum Atomstaat!&#8220;, so Roland Egger, Obmann von atomstopp_atomkraftfrei leben!, Manfred Doppler, Sprecher von Anti Atom Komitee und Gabriele Schweiger, Obfrau M\u00fctter gegen Atomgefahr.<\/p>\n<p>&#8222;Die tschechische Pr\u00e4sident Vaclav Klaus ist als gl\u00fchender Atombef\u00fcrworter bekannt. Das tschechische Gesetz zur Umweltvertr\u00e4glichkeitspr\u00fcfung widerspricht den Vorgaben der Europ\u00e4ischen Union &#8211; gegen die Novelle hat der tschechische Pr\u00e4sident noch 2009 ein Veto eingelegt. Offenbar soll dem Ausbau von Temelin nichts entgegenstehen und schon gar nicht eine Richtlinie der Europ\u00e4ischen Union!&#8220;, so Egger, Doppler und Schweiger weiter.<\/p>\n<p>&#8222;Wir wollen vom tschechischen Pr\u00e4sidenten wissen, ob wir auch f\u00fcr ihn nur &#8222;Trottel&#8220;, nur &#8222;Magori&#8220;, sind, weil wir gegen Atomenergie sind, weil wir gegen den Ausbau von Temelin sind und weil wir den tschechischen Atomkurs, der eine Gefahr f\u00fcr ganz Mitteleuropa darstellt, ablehnen!&#8220;, so die Atomgegner_innen abschlie\u00dfend.<\/p>\n<p>Weitere Informationen:<br \/>\nGabriele Schweiger + 43 680 33 33 625<br \/>\nManfred Doppler + 43 664 450 50 15<br \/>\nRoland Egger +43 680 23 93 019<\/p>\n","protected":false},"excerpt":{"rendered":"<p>Aktion von Atomgegner_innen in Linz anl\u00e4sslich des Arbeitsbesuchs des tschechischen Pr\u00e4sidenten Vaclav Klaus Morgen, Dienstag, 25.10., kommt der tschechische Pr\u00e4sidenten Vaclav Klaus zu einem Arbeitsbesuch nach Linz. Atomgegner_innen werden ihn dabei mit der Frage konfrontieren: &#8222;Wir sind gegen Atomenergie! Sind &hellip; <a href=\"https:\/\/www.muettergegenatomgefahr.at\/?p=352\">Weiterlesen <span class=\"meta-nav\">&rarr;<\/span><\/a><\/p>\n","protected":false},"author":2,"featured_media":0,"comment_status":"open","ping_status":"open","sticky":false,"template":"","format":"standard","meta":{"footnotes":""},"categories":[1],"tags":[],"class_list":["post-352","post","type-post","status-publish","format-standard","hentry","category-allgemein"],"_links":{"self":[{"href":"https:\/\/www.muettergegenatomgefahr.at\/index.php?rest_route=\/wp\/v2\/posts\/352","targetHints":{"allow":["GET"]}}],"collection":[{"href":"https:\/\/www.muettergegenatomgefahr.at\/index.php?rest_route=\/wp\/v2\/posts"}],"about":[{"href":"https:\/\/www.muettergegenatomgefahr.at\/index.php?rest_route=\/wp\/v2\/types\/post"}],"author":[{"embeddable":true,"href":"https:\/\/www.muettergegenatomgefahr.at\/index.php?rest_route=\/wp\/v2\/users\/2"}],"replies":[{"embeddable":true,"href":"https:\/\/www.muettergegenatomgefahr.at\/index.php?rest_route=%2Fwp%2Fv2%2Fcomments&post=352"}],"version-history":[{"count":1,"href":"https:\/\/www.muettergegenatomgefahr.at\/index.php?rest_route=\/wp\/v2\/posts\/352\/revisions"}],"predecessor-version":[{"id":353,"href":"https:\/\/www.muettergegenatomgefahr.at\/index.php?rest_route=\/wp\/v2\/posts\/352\/revisions\/353"}],"wp:attachment":[{"href":"https:\/\/www.muettergegenatomgefahr.at\/index.php?rest_route=%2Fwp%2Fv2%2Fmedia&parent=352"}],"wp:term":[{"taxonomy":"category","embeddable":true,"href":"https:\/\/www.muettergegenatomgefahr.at\/index.php?rest_route=%2Fwp%2Fv2%2Fcategories&post=352"},{"taxonomy":"post_tag","embeddable":true,"href":"https:\/\/www.muettergegenatomgefahr.at\/index.php?rest_route=%2Fwp%2Fv2%2Ftags&post=352"}],"curies":[{"name":"wp","href":"https:\/\/api.w.org\/{rel}","templated":true}]}}