{"id":356,"date":"2011-11-01T11:36:39","date_gmt":"2011-11-01T09:36:39","guid":{"rendered":"http:\/\/www.muettergegenatomgefahr.at\/?p=356"},"modified":"2011-11-01T11:36:39","modified_gmt":"2011-11-01T09:36:39","slug":"atomstopp-mutter-gegen-atomgefahr-tschechisches-staatsamt-fur-kernsicherheit-ist-fur-offentliche-temelin-anhorungen-in-osterreich-und-bayern","status":"publish","type":"post","link":"https:\/\/www.muettergegenatomgefahr.at\/?p=356","title":{"rendered":"atomstopp, M\u00fctter gegen Atomgefahr: Tschechisches Staatsamt f\u00fcr Kernsicherheit ist f\u00fcr \u00f6ffentliche Temelin-Anh\u00f6rungen in \u00d6sterreich und Bayern"},"content":{"rendered":"<p><em> \u00d6sterreichisches Umweltministerium muss Anh\u00f6rungstermine in allen Landeshauptst\u00e4dten ausverhandeln!<\/em><\/p>\n<p>&#8222;Dass Dana Drabova, die Vorsitzende des tschechischen Staatsamtes f\u00fcr Kernsicherheit, auf unsere Forderung nach \u00f6ffentlichen Temelin-Anh\u00f6rungen in \u00d6sterreich und Deutschland positiv reagiert, ist erfreulich und sollte f\u00fcr Umweltminister Berlakovich die M\u00f6glichkeit bieten, umgehend gemeinsam mit seinem bayerischen Amtskollegen Markus S\u00f6der, N\u00e4gel mit K\u00f6pfen zu machen und eine umfassende Informationsoffensive zu den tschechischen Atompl\u00e4nen zu vereinbaren.&#8220;, so Roland Egger, Obmann von atomstopp_atomkraftfrei leben! und Gabriele Schweiger, Obfrau der M\u00fctter gegen Atomgefahr in Reaktion auf eine Aussage von Dana Drabova am 31. Oktober in Lidove Noviny, einer tschechischen Tageszeitung.<\/p>\n<p>&#8222;Eine umfassende Information \u00fcber die Details zum Temelin-Ausbau und eine rechtliche Er\u00f6rterung, warum die Umweltvertr\u00e4glichkeitspr\u00fcfung f\u00fcr den Temelin-Ausbau nach einem EU-widrigen tschechischen UVP-Gesetz abgewickelt wird, ist das Mindeste, das man sich angesichts der atomaren Bedrohung durch Tschechien erwarten kann!&#8220;, so Egger und Schweiger weiter und: &#8222;Wir appellieren an Umweltminister Berlakovich entsprechende Initiativen zu setzen und \u00f6ffentliche Temelin-Anh\u00f6rungen in allen \u00f6sterreichischen Landeshauptst\u00e4dten auszuverhandeln!&#8220;<\/p>\n<p>Weitere Informationen:<br \/>\nRoland Egger +43 680 23 93 019<br \/>\nGabriele Schweiger +43 680 33 33 625<\/p>\n","protected":false},"excerpt":{"rendered":"<p>\u00d6sterreichisches Umweltministerium muss Anh\u00f6rungstermine in allen Landeshauptst\u00e4dten ausverhandeln! &#8222;Dass Dana Drabova, die Vorsitzende des tschechischen Staatsamtes f\u00fcr Kernsicherheit, auf unsere Forderung nach \u00f6ffentlichen Temelin-Anh\u00f6rungen in \u00d6sterreich und Deutschland positiv reagiert, ist erfreulich und sollte f\u00fcr Umweltminister Berlakovich die M\u00f6glichkeit bieten, &hellip; <a href=\"https:\/\/www.muettergegenatomgefahr.at\/?p=356\">Weiterlesen <span class=\"meta-nav\">&rarr;<\/span><\/a><\/p>\n","protected":false},"author":2,"featured_media":0,"comment_status":"open","ping_status":"open","sticky":false,"template":"","format":"standard","meta":{"footnotes":""},"categories":[1],"tags":[],"class_list":["post-356","post","type-post","status-publish","format-standard","hentry","category-allgemein"],"_links":{"self":[{"href":"https:\/\/www.muettergegenatomgefahr.at\/index.php?rest_route=\/wp\/v2\/posts\/356","targetHints":{"allow":["GET"]}}],"collection":[{"href":"https:\/\/www.muettergegenatomgefahr.at\/index.php?rest_route=\/wp\/v2\/posts"}],"about":[{"href":"https:\/\/www.muettergegenatomgefahr.at\/index.php?rest_route=\/wp\/v2\/types\/post"}],"author":[{"embeddable":true,"href":"https:\/\/www.muettergegenatomgefahr.at\/index.php?rest_route=\/wp\/v2\/users\/2"}],"replies":[{"embeddable":true,"href":"https:\/\/www.muettergegenatomgefahr.at\/index.php?rest_route=%2Fwp%2Fv2%2Fcomments&post=356"}],"version-history":[{"count":1,"href":"https:\/\/www.muettergegenatomgefahr.at\/index.php?rest_route=\/wp\/v2\/posts\/356\/revisions"}],"predecessor-version":[{"id":357,"href":"https:\/\/www.muettergegenatomgefahr.at\/index.php?rest_route=\/wp\/v2\/posts\/356\/revisions\/357"}],"wp:attachment":[{"href":"https:\/\/www.muettergegenatomgefahr.at\/index.php?rest_route=%2Fwp%2Fv2%2Fmedia&parent=356"}],"wp:term":[{"taxonomy":"category","embeddable":true,"href":"https:\/\/www.muettergegenatomgefahr.at\/index.php?rest_route=%2Fwp%2Fv2%2Fcategories&post=356"},{"taxonomy":"post_tag","embeddable":true,"href":"https:\/\/www.muettergegenatomgefahr.at\/index.php?rest_route=%2Fwp%2Fv2%2Ftags&post=356"}],"curies":[{"name":"wp","href":"https:\/\/api.w.org\/{rel}","templated":true}]}}