{"id":361,"date":"2011-11-23T13:06:10","date_gmt":"2011-11-23T11:06:10","guid":{"rendered":"http:\/\/www.muettergegenatomgefahr.at\/?p=361"},"modified":"2011-11-23T13:06:10","modified_gmt":"2011-11-23T11:06:10","slug":"atomstopp-ausdruckliches-angebot-eines-temelin-hearings-in-deutschland-an-kanzlerin-angela-merkel","status":"publish","type":"post","link":"https:\/\/www.muettergegenatomgefahr.at\/?p=361","title":{"rendered":"atomstopp: Ausdr\u00fcckliches Angebot eines Temelin-Hearings in Deutschland an Kanzlerin Angela Merkel"},"content":{"rendered":"<p><em>Wird \u00d6sterreich \u00fcbergangen? Forderung nach Hearings in allen Landeshauptst\u00e4dten<\/em><\/p>\n<p><em><\/em> &#8222;Wie heute bekannt wurde, bietet der tschechische Premier Petr Necas in einem pers\u00f6nlichen Brief der deutschen Kanzlerin Angela Merkel die Durchf\u00fchrung eines \u00f6ffentlichen Hearings in Deutschland zum Ausbau des AKW Temelin um zwei zus\u00e4tzliche Reaktorbl\u00f6cke an. Er beruft sich dabei ausdr\u00fccklich auf die guten zwischenstaatlichen Beziehungen. Da stellt sich schon die Frage: Gibt es ein gleichwertiges Angebot auch an \u00d6sterreich?&#8220;, so Gabriele Schweiger und Roland Egger, Sprecher von atomstopp_oberoesterreich.<\/p>\n<p>&#8222;Es sollte f\u00fcr die tschechische Regierung doch wohl selbstverst\u00e4ndlich sein, keinen Unterschied zwischen den Nachbarstaaten zu machen und dem \u00f6sterreichischen Bundeskanzler Faymann ebenso offen Hearings in \u00d6sterreich anzubieten!&#8220;, so Schweiger und Egger weiter.   Premierminister Necas gesteht in dem Brief ein, dass m\u00f6gliche negative Auswirkungen durch das AKW Temelin an der Grenze nicht Halt machen w\u00fcrden und folgert richtig, deshalb auch die Bev\u00f6lkerung in Deutschland in die Diskussion \u00fcber den Ausbau von Temelin mit einbeziehen zu m\u00fcssen.<\/p>\n<p>&#8222;Wir gehen davon aus, dass dieses Angebot auch f\u00fcr die \u00f6sterreichische Bev\u00f6lkerung zu gelten hat. Wir wollen Premier Necas ja nicht unterstellen, das Angebot an die Deutschen den \u00d6sterreicher_innen absprechen zu wollen!&#8220;, so Egger und Schweiger und weiter.<\/p>\n<p>&#8222;Wir fordern daher &#8211; im Sinne der Gleichbehandlung &#8211; Hearings in \u00d6sterreich zum Temelin-Ausbau, und zwar geografisch so ausgerichtet, dass alle besorgten B\u00fcrger_innen in \u00d6sterreich die M\u00f6glichkeit haben, teilnehmen zu k\u00f6nnen! Unsere Forderung ist deshalb, Hearings in allen \u00f6sterreichischen Landeshauptst\u00e4dten anzubieten! Die \u00f6sterreichische Bundesregierung ist also dringend aufgerufen, daf\u00fcr zu sorgen, dass diese Termine zeitgerecht und unter maximaler Transparenz zustande kommen.&#8220;, so Schweiger und Egger abschlie\u00dfend.<\/p>\n<p>R\u00fcckfragehinweise<br \/>\nGabriele Schweiger 0680 33 33 625<br \/>\nRoland Egger 0680 23 93 019<\/p>\n","protected":false},"excerpt":{"rendered":"<p>Wird \u00d6sterreich \u00fcbergangen? Forderung nach Hearings in allen Landeshauptst\u00e4dten &#8222;Wie heute bekannt wurde, bietet der tschechische Premier Petr Necas in einem pers\u00f6nlichen Brief der deutschen Kanzlerin Angela Merkel die Durchf\u00fchrung eines \u00f6ffentlichen Hearings in Deutschland zum Ausbau des AKW Temelin &hellip; <a href=\"https:\/\/www.muettergegenatomgefahr.at\/?p=361\">Weiterlesen <span class=\"meta-nav\">&rarr;<\/span><\/a><\/p>\n","protected":false},"author":2,"featured_media":0,"comment_status":"open","ping_status":"open","sticky":false,"template":"","format":"standard","meta":{"footnotes":""},"categories":[1],"tags":[],"class_list":["post-361","post","type-post","status-publish","format-standard","hentry","category-allgemein"],"_links":{"self":[{"href":"https:\/\/www.muettergegenatomgefahr.at\/index.php?rest_route=\/wp\/v2\/posts\/361","targetHints":{"allow":["GET"]}}],"collection":[{"href":"https:\/\/www.muettergegenatomgefahr.at\/index.php?rest_route=\/wp\/v2\/posts"}],"about":[{"href":"https:\/\/www.muettergegenatomgefahr.at\/index.php?rest_route=\/wp\/v2\/types\/post"}],"author":[{"embeddable":true,"href":"https:\/\/www.muettergegenatomgefahr.at\/index.php?rest_route=\/wp\/v2\/users\/2"}],"replies":[{"embeddable":true,"href":"https:\/\/www.muettergegenatomgefahr.at\/index.php?rest_route=%2Fwp%2Fv2%2Fcomments&post=361"}],"version-history":[{"count":1,"href":"https:\/\/www.muettergegenatomgefahr.at\/index.php?rest_route=\/wp\/v2\/posts\/361\/revisions"}],"predecessor-version":[{"id":362,"href":"https:\/\/www.muettergegenatomgefahr.at\/index.php?rest_route=\/wp\/v2\/posts\/361\/revisions\/362"}],"wp:attachment":[{"href":"https:\/\/www.muettergegenatomgefahr.at\/index.php?rest_route=%2Fwp%2Fv2%2Fmedia&parent=361"}],"wp:term":[{"taxonomy":"category","embeddable":true,"href":"https:\/\/www.muettergegenatomgefahr.at\/index.php?rest_route=%2Fwp%2Fv2%2Fcategories&post=361"},{"taxonomy":"post_tag","embeddable":true,"href":"https:\/\/www.muettergegenatomgefahr.at\/index.php?rest_route=%2Fwp%2Fv2%2Ftags&post=361"}],"curies":[{"name":"wp","href":"https:\/\/api.w.org\/{rel}","templated":true}]}}