{"id":365,"date":"2011-12-06T11:54:42","date_gmt":"2011-12-06T09:54:42","guid":{"rendered":"http:\/\/www.muettergegenatomgefahr.at\/?p=365"},"modified":"2011-12-06T11:54:42","modified_gmt":"2011-12-06T09:54:42","slug":"atomstopp-akw-temelin-wird-nach-25-inspektion-durch-kraftwerkslobby-wano-weltspitze","status":"publish","type":"post","link":"https:\/\/www.muettergegenatomgefahr.at\/?p=365","title":{"rendered":"atomstopp: AKW Temelin wird nach 25. Inspektion durch Kraftwerkslobby WANO Weltspitze!"},"content":{"rendered":"<p><em>Offene Sicherheitsfragen aus dem Melker Abkommen kein Thema? <\/em><\/p>\n<p>&#8222;Wie nicht anders zu erwarten, liest man in tschechischen Medien \u00fcber die 25. Inspektion des AKW Temelin durch die WANO, also die World Association of Nuclear Operators, einer freiwilligen Vereinigung von Atomkraftwerksbetreibern, nur, dass man mit der besten Weltpraxis verglichen wurde, dass die besten Welterfahrungen gewonnen werden konnten und damit die eigene T\u00e4tigkeit in die absolute Weltspitze anheben kann!&#8220;, zeigen sich Roland Egger und Gabriele Schweiger, Sprecher von atomstopp_oberoesterreich, ern\u00fcchtert.   &#8222;Und es finden sich nat\u00fcrlich keine kritischen Anmerkungen, dass man etwa die offenen Sicherheitsfragen aus dem Melker Abkommen zur Nachr\u00fcstung des AKW Temelin, imme  r noch nicht vollst\u00e4ndig umgesetzt hat. Weltspitze wird man in Tschechien offenbar also auch, obwohl man internationale Abkommen nicht einh\u00e4lt!&#8220;, so Egger und Schweiger weiter.<\/p>\n<p>Der Abschlussbericht der interparlamentarischen Temelin-Kommission, die von Ex-Bundeskanzler Gusenbauer und Ex-Premierminister Topolanek eingerichtet wurde und in der sowohl tschechische als auch \u00f6sterreichische Abgeordnete vertreten waren, kam jedenfalls im Juni 2008 zum Schluss, dass es in der Frage &#8222;Qualifikation der Ventile&#8220; zwar zu einer Ann\u00e4herung der \u00f6sterreichischen und der tschechischen Standpunkte kam, die es aber dennoch nicht erm\u00f6glichte, den Punkt abzuschlie\u00dfen. Und auch beim Sicherheitsrisiko &#8222;Hochenergetische Leitungen auf der 28,8m-B\u00fchne&#8220; konnten zwar wesentliche Fortschritte erzielt werden, die jedoch bei weitem nicht f\u00fcr eine endg\u00fcltige Kl\u00e4rung ausreichten.<\/p>\n<p>&#8222;Wir werden unsere  eigene Bundesregierung nicht aus ihrer Verpflichtung entlassen, auf die l\u00fcckenlose Umsetzung des Melker Abkommens zu dr\u00e4ngen und mit Tschechien weitere Verhandlungen dar\u00fcber zu f\u00fchren! Angesichts der drohenden Ausbaupl\u00e4ne des tschechischen AKWs Temelin muss es f\u00fcr alle, die tage- und n\u00e4chtelang an den Grenzen gegen die Inbetriebnahme des jetzigen AKW Temelin demonstriert haben, ein Schlag ins Gesicht sein, dass das Melker Abkommen immer noch nicht vollst\u00e4ndig umgesetzt wurde! Weltspitze im negativen Sinne ist jedenfalls der Umgang Tschechiens mit dem international verbindlichen Melker Abkommen!&#8220;, so Egger und Schweiger abschlie\u00dfend.<\/p>\n<p>Weitere Informationen:<br \/>\nRoland Egger + 43 680 23 93 019<br \/>\nGabriele Schweiger + 43 680 33 33 625<\/p>\n","protected":false},"excerpt":{"rendered":"<p>Offene Sicherheitsfragen aus dem Melker Abkommen kein Thema? &#8222;Wie nicht anders zu erwarten, liest man in tschechischen Medien \u00fcber die 25. Inspektion des AKW Temelin durch die WANO, also die World Association of Nuclear Operators, einer freiwilligen Vereinigung von Atomkraftwerksbetreibern, &hellip; <a href=\"https:\/\/www.muettergegenatomgefahr.at\/?p=365\">Weiterlesen <span class=\"meta-nav\">&rarr;<\/span><\/a><\/p>\n","protected":false},"author":2,"featured_media":0,"comment_status":"open","ping_status":"open","sticky":false,"template":"","format":"standard","meta":{"footnotes":""},"categories":[1],"tags":[],"class_list":["post-365","post","type-post","status-publish","format-standard","hentry","category-allgemein"],"_links":{"self":[{"href":"https:\/\/www.muettergegenatomgefahr.at\/index.php?rest_route=\/wp\/v2\/posts\/365","targetHints":{"allow":["GET"]}}],"collection":[{"href":"https:\/\/www.muettergegenatomgefahr.at\/index.php?rest_route=\/wp\/v2\/posts"}],"about":[{"href":"https:\/\/www.muettergegenatomgefahr.at\/index.php?rest_route=\/wp\/v2\/types\/post"}],"author":[{"embeddable":true,"href":"https:\/\/www.muettergegenatomgefahr.at\/index.php?rest_route=\/wp\/v2\/users\/2"}],"replies":[{"embeddable":true,"href":"https:\/\/www.muettergegenatomgefahr.at\/index.php?rest_route=%2Fwp%2Fv2%2Fcomments&post=365"}],"version-history":[{"count":1,"href":"https:\/\/www.muettergegenatomgefahr.at\/index.php?rest_route=\/wp\/v2\/posts\/365\/revisions"}],"predecessor-version":[{"id":366,"href":"https:\/\/www.muettergegenatomgefahr.at\/index.php?rest_route=\/wp\/v2\/posts\/365\/revisions\/366"}],"wp:attachment":[{"href":"https:\/\/www.muettergegenatomgefahr.at\/index.php?rest_route=%2Fwp%2Fv2%2Fmedia&parent=365"}],"wp:term":[{"taxonomy":"category","embeddable":true,"href":"https:\/\/www.muettergegenatomgefahr.at\/index.php?rest_route=%2Fwp%2Fv2%2Fcategories&post=365"},{"taxonomy":"post_tag","embeddable":true,"href":"https:\/\/www.muettergegenatomgefahr.at\/index.php?rest_route=%2Fwp%2Fv2%2Ftags&post=365"}],"curies":[{"name":"wp","href":"https:\/\/api.w.org\/{rel}","templated":true}]}}