{"id":381,"date":"2012-01-15T10:46:05","date_gmt":"2012-01-15T08:46:05","guid":{"rendered":"http:\/\/www.muettergegenatomgefahr.at\/?p=381"},"modified":"2012-01-15T10:46:05","modified_gmt":"2012-01-15T08:46:05","slug":"atomstromimport-verbot-ist-gradmesser-fur-die-glaubwurdigkeit-der-osterreichischen-bundesregierung-solidaritatskundgebung-am-montag-16-janner-ab-11-uhr-ballhausplatz-wien","status":"publish","type":"post","link":"https:\/\/www.muettergegenatomgefahr.at\/?p=381","title":{"rendered":"Atomstromimport-Verbot ist Gradmesser f\u00fcr die Glaubw\u00fcrdigkeit der \u00f6sterreichischen Bundesregierung Solidarit\u00e4tskundgebung am Montag, 16. J\u00e4nner &#8211; ab 11 Uhr &#8211; Ballhausplatz, Wien"},"content":{"rendered":"<p>&#8222;Wenn die Bundesregierung mit ihrem Antiatom-Engagement ernst genommen werden will, muss sie einem \u00f6sterreichischen Atomstromimport-Verbot zustimmen!&#8220;, so Roland Egger, Obmann von atomstopp_atomkraftfrei leben!, Gabriele Schweiger, Obfrau von M\u00fctter gegen Atomgefahr und Manfred Doppler, Sprecher von Anti Atom Komitee vor dem morgigen Atomstromgipfel im Bundeskanzleramt von Vertreter_innen von GLOBAL 2000 und Greenpeace mit der Bundesregierung.<\/p>\n<p>&#8222;Um klar an die Bundesregierung zu signalisieren, dass die Forderung nach einem Atomstromimport-Verbot auch von ober\u00f6sterreichischen Antiatom-Or  ganisationen unterst\u00fctzt wird, werden wir mit GLOBAL 2000 und Greenpeace auf dem Ballhausplatz ab 11 Uhr unsere Solidarit\u00e4t demonstrieren! Mit einem Atomstromimport-Verbot wird sich die Wirtschaftlichkeit von Atomprojekten &#8211; wie etwa der Ausbau des AKW Temelin &#8211; schlagartig verschlechtern! M\u00f6glicherweise sogar so weit verschlechtern, dass man \u00fcberhaupt vom Ausbau Abstand nimmt! Solange Atomstrom nach \u00d6sterreich importiert werden darf, macht sich die \u00f6sterreichische Bundesregierung mitschuldig am Festhalten an europ\u00e4ischen Atomauspl\u00e4nen!&#8220;, so Egger, Schweiger und Doppler abschlie\u00dfend.<\/p>\n<p>Weitere Informationen:<br \/>\nRoland Egger + 43 680 23 93 019<br \/>\nGabriele Schweiger + 43 680 33 33 625<br \/>\nManfred Doppler + 43 664 450 50 15<\/p>\n","protected":false},"excerpt":{"rendered":"<p>&#8222;Wenn die Bundesregierung mit ihrem Antiatom-Engagement ernst genommen werden will, muss sie einem \u00f6sterreichischen Atomstromimport-Verbot zustimmen!&#8220;, so Roland Egger, Obmann von atomstopp_atomkraftfrei leben!, Gabriele Schweiger, Obfrau von M\u00fctter gegen Atomgefahr und Manfred Doppler, Sprecher von Anti Atom Komitee vor dem &hellip; <a href=\"https:\/\/www.muettergegenatomgefahr.at\/?p=381\">Weiterlesen <span class=\"meta-nav\">&rarr;<\/span><\/a><\/p>\n","protected":false},"author":2,"featured_media":0,"comment_status":"open","ping_status":"open","sticky":false,"template":"","format":"standard","meta":{"footnotes":""},"categories":[1],"tags":[],"class_list":["post-381","post","type-post","status-publish","format-standard","hentry","category-allgemein"],"_links":{"self":[{"href":"https:\/\/www.muettergegenatomgefahr.at\/index.php?rest_route=\/wp\/v2\/posts\/381","targetHints":{"allow":["GET"]}}],"collection":[{"href":"https:\/\/www.muettergegenatomgefahr.at\/index.php?rest_route=\/wp\/v2\/posts"}],"about":[{"href":"https:\/\/www.muettergegenatomgefahr.at\/index.php?rest_route=\/wp\/v2\/types\/post"}],"author":[{"embeddable":true,"href":"https:\/\/www.muettergegenatomgefahr.at\/index.php?rest_route=\/wp\/v2\/users\/2"}],"replies":[{"embeddable":true,"href":"https:\/\/www.muettergegenatomgefahr.at\/index.php?rest_route=%2Fwp%2Fv2%2Fcomments&post=381"}],"version-history":[{"count":3,"href":"https:\/\/www.muettergegenatomgefahr.at\/index.php?rest_route=\/wp\/v2\/posts\/381\/revisions"}],"predecessor-version":[{"id":384,"href":"https:\/\/www.muettergegenatomgefahr.at\/index.php?rest_route=\/wp\/v2\/posts\/381\/revisions\/384"}],"wp:attachment":[{"href":"https:\/\/www.muettergegenatomgefahr.at\/index.php?rest_route=%2Fwp%2Fv2%2Fmedia&parent=381"}],"wp:term":[{"taxonomy":"category","embeddable":true,"href":"https:\/\/www.muettergegenatomgefahr.at\/index.php?rest_route=%2Fwp%2Fv2%2Fcategories&post=381"},{"taxonomy":"post_tag","embeddable":true,"href":"https:\/\/www.muettergegenatomgefahr.at\/index.php?rest_route=%2Fwp%2Fv2%2Ftags&post=381"}],"curies":[{"name":"wp","href":"https:\/\/api.w.org\/{rel}","templated":true}]}}