{"id":387,"date":"2012-01-18T14:24:13","date_gmt":"2012-01-18T12:24:13","guid":{"rendered":"http:\/\/www.muettergegenatomgefahr.at\/?p=387"},"modified":"2012-01-18T14:24:13","modified_gmt":"2012-01-18T12:24:13","slug":"aviso-grenzuberschreitender-antiatom-protest-bei-internationaler-podiumsdiskussion-atomenergie-in-raabsthaya-no","status":"publish","type":"post","link":"https:\/\/www.muettergegenatomgefahr.at\/?p=387","title":{"rendered":"Aviso: Grenz\u00fcberschreitender Antiatom-Protest bei internationaler Podiumsdiskussion &#8222;Atomenergie&#8220; in Raabs\/Thaya (N\u00d6)"},"content":{"rendered":"<p><em>Donnerstag, 19. J\u00e4nner &#8211; 16:30 Uhr &#8211; 17:00 Uhr,<br \/>\nvor dem Lindenhof,\u00a0\u00a0\u00a0 3820 Oberndorf\/Raabs 7<\/em><\/p>\n<p>Antiatom-Protest ist angesagt vor dem Start der internationalen Podiumsdiskussion zum Thema &#8222;Atomenergie\u201d. Mit der Vorsitzenden des tschechischen Staatsamtes f\u00fcr Kernsicherheit Dana Drabova, sowie Vertretern des \u00f6sterreichischen Umweltministeriums und den Risikoforschern Wolfgang Kromp und Emmerich Seidlberger ist die Diskussionsrunde hochkar\u00e4tig besetzt. Als Gast im Publikum wird auch der tschechische Botschafter Jan Koukal erwartet.<\/p>\n<p>Atomkraftgegner_innen aus Tschechien und \u00d6sterreich werden in diesem Rahmen mit einer Aktion einmal mehr auf die komplexen Gefahren durch AKW sowie die Unsinnigkeit der Nutzung von Atomenergie  hinweisen.<\/p>\n<p>Nicht nur der Betrieb der Reaktoren in Temelin und Dukovany st\u00f6\u00dft seit Jahrzehnten auf grenz\u00fcberschreitenden Widerstand! Gro\u00dfspurige Atomausbau-Pl\u00e4ne verunsichern die Bev\u00f6lkerung in \u00d6sterreich, Tschechien und Deutschland. Als besonders dreist erweist sich die Suche nach m\u00f6glichen Endlagerstandorten f\u00fcr radioaktive Abf\u00e4lle auch \u00fcber die K\u00f6pfe der betroffenen Bev\u00f6lkerung in S\u00fcdb\u00f6hmen hinweg!<\/p>\n<p>Die Damen und Herren von der Presse sind herzlich eingeladen!<\/p>\n<p>Unterst\u00fctzt wird die Aktion von:<br \/>\nSonne&amp;Freiheit<br \/>\nVerein Lebensraum Waldviertel<br \/>\nWaldviertler Energiestammtisch<br \/>\natomstopp_atomkraftfrei leben!<br \/>\nM\u00fctter gegen Atomgefahr<br \/>\nS\u00fcdb\u00f6hmische M\u00fctter gegen Atomgefahr<br \/>\nB\u00fcrgerinitiative Umweltschutz Budweis<\/p>\n<p>R\u00fcckfragehinweise \u00d6sterreich:<br \/>\nRoland Egger 0680\/23 93 019<br \/>\nGabriele Schweiger 0680\/33 33 625<br \/>\nGottfried Brandner 0664\/233 10 45<br \/>\nR\u00fcckfragehinweise Tschechien:<br \/>\nPavel Vlcek, BIU, +420 777 006 241<\/p>\n<p><a href=\"http:\/\/www.europabrueckeraabs.at\/presse\" target=\"_blank\">http:\/\/www.europabrueckeraabs.at\/presse<\/a><\/p>\n","protected":false},"excerpt":{"rendered":"<p>Donnerstag, 19. J\u00e4nner &#8211; 16:30 Uhr &#8211; 17:00 Uhr, vor dem Lindenhof,\u00a0\u00a0\u00a0 3820 Oberndorf\/Raabs 7 Antiatom-Protest ist angesagt vor dem Start der internationalen Podiumsdiskussion zum Thema &#8222;Atomenergie\u201d. Mit der Vorsitzenden des tschechischen Staatsamtes f\u00fcr Kernsicherheit Dana Drabova, sowie Vertretern des &hellip; <a href=\"https:\/\/www.muettergegenatomgefahr.at\/?p=387\">Weiterlesen <span class=\"meta-nav\">&rarr;<\/span><\/a><\/p>\n","protected":false},"author":2,"featured_media":0,"comment_status":"open","ping_status":"open","sticky":false,"template":"","format":"standard","meta":{"footnotes":""},"categories":[1],"tags":[],"class_list":["post-387","post","type-post","status-publish","format-standard","hentry","category-allgemein"],"_links":{"self":[{"href":"https:\/\/www.muettergegenatomgefahr.at\/index.php?rest_route=\/wp\/v2\/posts\/387","targetHints":{"allow":["GET"]}}],"collection":[{"href":"https:\/\/www.muettergegenatomgefahr.at\/index.php?rest_route=\/wp\/v2\/posts"}],"about":[{"href":"https:\/\/www.muettergegenatomgefahr.at\/index.php?rest_route=\/wp\/v2\/types\/post"}],"author":[{"embeddable":true,"href":"https:\/\/www.muettergegenatomgefahr.at\/index.php?rest_route=\/wp\/v2\/users\/2"}],"replies":[{"embeddable":true,"href":"https:\/\/www.muettergegenatomgefahr.at\/index.php?rest_route=%2Fwp%2Fv2%2Fcomments&post=387"}],"version-history":[{"count":1,"href":"https:\/\/www.muettergegenatomgefahr.at\/index.php?rest_route=\/wp\/v2\/posts\/387\/revisions"}],"predecessor-version":[{"id":388,"href":"https:\/\/www.muettergegenatomgefahr.at\/index.php?rest_route=\/wp\/v2\/posts\/387\/revisions\/388"}],"wp:attachment":[{"href":"https:\/\/www.muettergegenatomgefahr.at\/index.php?rest_route=%2Fwp%2Fv2%2Fmedia&parent=387"}],"wp:term":[{"taxonomy":"category","embeddable":true,"href":"https:\/\/www.muettergegenatomgefahr.at\/index.php?rest_route=%2Fwp%2Fv2%2Fcategories&post=387"},{"taxonomy":"post_tag","embeddable":true,"href":"https:\/\/www.muettergegenatomgefahr.at\/index.php?rest_route=%2Fwp%2Fv2%2Ftags&post=387"}],"curies":[{"name":"wp","href":"https:\/\/api.w.org\/{rel}","templated":true}]}}