{"id":391,"date":"2012-01-26T13:45:14","date_gmt":"2012-01-26T11:45:14","guid":{"rendered":"http:\/\/www.muettergegenatomgefahr.at\/?p=391"},"modified":"2012-01-26T13:45:14","modified_gmt":"2012-01-26T11:45:14","slug":"aktionistische-einladung-an-wirtschaftsminister-mitterlehner-in-kollerschlag-bezirk-rohrbach-oo-am-27-janner-19-bis-20-uhr-vor-gasthof-leitner","status":"publish","type":"post","link":"https:\/\/www.muettergegenatomgefahr.at\/?p=391","title":{"rendered":"Aktionistische Einladung an Wirtschaftsminister Mitterlehner in Kollerschlag (Bezirk Rohrbach, O\u00d6) am 27. J\u00e4nner &#8211; 19 bis 20 Uhr &#8211; vor Gasthof Leitner"},"content":{"rendered":"<p><em>Informationsveranstaltung &#8222;Hat die Wirtschaft etwas zu sagen, geht\u2019s der Atomindustrie nicht an den Kragen&#8220; mit Wirtschaftsminister Mitterlehner in seinem Heimatbezirk Rohrbach<\/em><\/p>\n<p>&#8222;Dass ausgerechnet der geb\u00fcrtige M\u00fchlviertler Dr. Reinhold Mitterlehner mit seiner Weigerung sich f\u00fcr ein Atomstromimport-Verbot einzusetzen, auf die Seite der Atomlobby stellt, ist schwer verst\u00e4ndlich. Gerade in seinem Heimatbezirk Rohrbach &#8211; neben dem Bezirk Freistadt sicherlich DIE Hochburg des Temelin-Widerstands schlechthin &#8211; wird diese atomkraft-unterst\u00fctzende Seite des Ministers auf wenig Verst\u00e4ndnis sto\u00dfen! In Tschechien droht der Ausbau von Temelin um zwei weitere Atomreaktoren, in Grenzn\u00e4he soll ein Atomm\u00fcllendlager errichtet werden und der M\u00fchlviertler Minister unterst\u00fctzt die Atomlobby ganz offen! &#8222;, sind Roland Egger, Obmann von atomstopp_atomkraftfrei leben!, Gabriele Schweiger, Obfrau M\u00fctter gegen Atomgefahr und Manfred Doppler, Sprecher von Anti Atom Komitee entsetzt!<\/p>\n<p>&#8222;Wirtschaftsminister Mitterlehner wird morgen Freitag in Kollerschlag beim \u00d6VP-Gemeindeparteitag sein und wir werden diese Gelegenheit nutzen, ihn zu einer \u00f6ffentlichen Informationsveranstaltung einzuladen, unter dem Titel: &#8222;Hat die Wirtschaft etwas zu sagen, geht\u2019s der Atomindustrie nicht an den Kragen&#8220;. Bei dieser Veranstaltung soll Mitterlehner die M\u00f6glichkeit bekommen, der Bev\u00f6lkerung seinen Pro-Atomkurs plausibel zu erkl\u00e4ren! Wir sind gespannt, wie er seinen Haltung argumentiert!&#8220;, so Egger, Schweiger und Doppler abschlie\u00dfend.<\/p>\n<p><strong>Zeit und Ort der aktionistischen Einladung:<\/strong><br \/>\n<strong>19 bis 20 Uhr,\u00a0 vor Gasthof Leitner, \u00a0 Markt 28,\u00a0 4154 Kollerschlag ,<\/strong><\/p>\n<p><strong>Wir freuen uns, die Vertreter_innen der Presse ebenfalls bei dieser aktionistischen Einladung begr\u00fc\u00dfen zu d\u00fcrfen.<\/strong><\/p>\n<p>Weitere Informationen:<\/p>\n<p>Roland Egger + 43 680 23 93 019<br \/>\nGabriele Schweiger + 43 680 33 33 625<br \/>\nManfred Doppler + 43 664 450 50 15<\/p>\n","protected":false},"excerpt":{"rendered":"<p>Informationsveranstaltung &#8222;Hat die Wirtschaft etwas zu sagen, geht\u2019s der Atomindustrie nicht an den Kragen&#8220; mit Wirtschaftsminister Mitterlehner in seinem Heimatbezirk Rohrbach &#8222;Dass ausgerechnet der geb\u00fcrtige M\u00fchlviertler Dr. Reinhold Mitterlehner mit seiner Weigerung sich f\u00fcr ein Atomstromimport-Verbot einzusetzen, auf die Seite &hellip; <a href=\"https:\/\/www.muettergegenatomgefahr.at\/?p=391\">Weiterlesen <span class=\"meta-nav\">&rarr;<\/span><\/a><\/p>\n","protected":false},"author":2,"featured_media":0,"comment_status":"open","ping_status":"open","sticky":false,"template":"","format":"standard","meta":{"footnotes":""},"categories":[1],"tags":[],"class_list":["post-391","post","type-post","status-publish","format-standard","hentry","category-allgemein"],"_links":{"self":[{"href":"https:\/\/www.muettergegenatomgefahr.at\/index.php?rest_route=\/wp\/v2\/posts\/391","targetHints":{"allow":["GET"]}}],"collection":[{"href":"https:\/\/www.muettergegenatomgefahr.at\/index.php?rest_route=\/wp\/v2\/posts"}],"about":[{"href":"https:\/\/www.muettergegenatomgefahr.at\/index.php?rest_route=\/wp\/v2\/types\/post"}],"author":[{"embeddable":true,"href":"https:\/\/www.muettergegenatomgefahr.at\/index.php?rest_route=\/wp\/v2\/users\/2"}],"replies":[{"embeddable":true,"href":"https:\/\/www.muettergegenatomgefahr.at\/index.php?rest_route=%2Fwp%2Fv2%2Fcomments&post=391"}],"version-history":[{"count":2,"href":"https:\/\/www.muettergegenatomgefahr.at\/index.php?rest_route=\/wp\/v2\/posts\/391\/revisions"}],"predecessor-version":[{"id":393,"href":"https:\/\/www.muettergegenatomgefahr.at\/index.php?rest_route=\/wp\/v2\/posts\/391\/revisions\/393"}],"wp:attachment":[{"href":"https:\/\/www.muettergegenatomgefahr.at\/index.php?rest_route=%2Fwp%2Fv2%2Fmedia&parent=391"}],"wp:term":[{"taxonomy":"category","embeddable":true,"href":"https:\/\/www.muettergegenatomgefahr.at\/index.php?rest_route=%2Fwp%2Fv2%2Fcategories&post=391"},{"taxonomy":"post_tag","embeddable":true,"href":"https:\/\/www.muettergegenatomgefahr.at\/index.php?rest_route=%2Fwp%2Fv2%2Ftags&post=391"}],"curies":[{"name":"wp","href":"https:\/\/api.w.org\/{rel}","templated":true}]}}