{"id":394,"date":"2012-02-03T11:39:27","date_gmt":"2012-02-03T09:39:27","guid":{"rendered":"http:\/\/www.muettergegenatomgefahr.at\/?p=394"},"modified":"2012-02-03T11:39:27","modified_gmt":"2012-02-03T09:39:27","slug":"oo-atomgegner_innen-unterstutzung-fur-atomstromimport-verbot-aus-deutschland","status":"publish","type":"post","link":"https:\/\/www.muettergegenatomgefahr.at\/?p=394","title":{"rendered":"O\u00d6 Atomgegner_innen: Unterst\u00fctzung f\u00fcr Atomstromimport-Verbot aus Deutschland"},"content":{"rendered":"<p><em>Wirtschaftsminister Mitterlehner wird Termin f\u00fcr Informationsveranstaltung im M\u00fchlviertel bekannt geben<\/em><\/p>\n<p>&#8222;Wir sehen uns in unserer Forderung nach einem Atomstromimport-Verbot nach Gespr\u00e4chen mit deutschen Atomgegner_innen absolut best\u00e4rkt!&#8220;, so Gabriele Schweiger, Obfrau M\u00fctter gegen Atomgefahr, Manfred Doppler, Sprecher Anti Atom Komitee und Roland Egger, Obmann atomstopp_atomkraftfrei leben!.  Bei einem Treffen mit deutschen, tschechischen und \u00f6sterreichischen Atomgegner_innen in Passau, bei dem auch politische Vertreter_innen der Fraktion DIE LINKE im deutschen Bundestag und der \u00d6kologisch Demokratischen Partei (\u00d6DP) dabei waren, wurde klar Unterst\u00fctzung f\u00fcr ein \u00f6sterreichisches Atomstromimport-Verbot signalisiert.<\/p>\n<p>Der Kreisvorsitzende der LINKEN Passau,Werner Kneuer sagte seine  Unterst\u00fctzung zu und \u00fcbermittelte die Stellungnahme der umweltpolitischen  Sprecherin der Linksfraktion Eva Bulling: &#8222;K\u00e4me kein ausl\u00e4ndischer Atomstrom mehr in das Alpenland, so w\u00fcrde nicht nur das umstrittenen tschechische AKW Temelin wichtige Abnehmer verlieren. Auch die verbliebenen deutschen Atommeiler k\u00f6nnten nicht mehr nach \u00d6sterreich liefern. Das Land k\u00f6nnte so seinen Weg hin zu einer Energieerzeugung, die vollst\u00e4ndig auf erneuerbaren Energien basiert, schneller beschreiten. Ohnehin ist es abstrus, dass \u00d6sterreich, welches aus gutem Grund schon lange auf Atomkraftwerke verzichtet, saubere Elektrizit\u00e4t aus Wasserkraft im gro\u00dfem Ma\u00dfstab etwa nach Deutschland exportiert, gleichzeitig aber Atomstrom zur Eigenversorgung importiert. Die Kampagne der \u00f6sterreichischen Atomgegner_innen ist also zu begr\u00fc\u00dfen und  k\u00f6nnte Vorbild f\u00fcr eine \u00e4hnliche Kampagne in Deutschland werden. Denn der deutsche Atomausstieg n\u00fctzt wenig, wenn gleichzeitig \u00fcber Importe die Atomwirtschaft in Frankreich oder Tschechien gest\u00fctzt wird.&#8220;<\/p>\n<p>Und Urban Mangold, 2. B\u00fcrgermeister der Stadt Passau und Landesgesch\u00e4ftsf\u00fchrer der \u00d6DP Bayern meint: &#8222;Bayern braucht mit Sicherheit keinen Atomstromimport aus Temelin, sondern vielmehr ein echtes Anreizprogramm zur Stromeinsparung und Effizienzsteigerung. Ich habe fast den Eindruck, die alten Atomkraft-Fans wollen die atomkraftkritische Bev\u00f6lkerung mit Strom aus Temelin bestrafen. Eine Landesregierung, die einem Gro\u00dfkredit der Landesbank an den Temelin-Betreiber zustimmt, ein Bayerischer Wirtschaftsminister, der den Schulterschluss mit Tschechien bei der Kernernergienutzung sucht, m\u00fcssen sich fragen lassen, in wessen Interesse sie handeln. Die Stadt Passau wird jedenfalls ein Signal setzen un  d noch in diesem Fr\u00fchjahr Angebote von echten \u00d6kostromanbietern f\u00fcr ihren kommunalen Eigenbedarf und f\u00fcr den Bedarf des Klinikums einholen&#8220;.<\/p>\n<p>&#8222;Wir werden Wirtschaftsminister Mitterlehner nat\u00fcrlich \u00fcber diese ersten Reaktionen aus Deutschland bei der Informationsveranstaltung informieren: Schlie\u00dflich f\u00fchrt er gerne an, dass \u00d6sterreich in der Sache keinen Alleingang machen soll! Unterst\u00fctzung aus Deutschland wird ihm also gelegen kommen! Wir erwarten, dass uns Wirtschaftsminister Mitterlehner demn\u00e4chst den Termin f\u00fcr die Informationsveranstaltung bekannt geben wird, bei dieser Veranstaltung soll er zum \u00f6sterreichischen Atomstromimport-Verbot Rede und Antwort stehen!&#8220;, so Schweiger, Doppler und Egger abschlie\u00dfend.<\/p>\n<p>Weitere Informationen:<br \/>\nGabriele Schweiger + 43 680 33 33 625<br \/>\nManfred Doppler + 43 664 450 50 15<br \/>\nRoland Egger + 43 680 23 93 019<\/p>\n","protected":false},"excerpt":{"rendered":"<p>Wirtschaftsminister Mitterlehner wird Termin f\u00fcr Informationsveranstaltung im M\u00fchlviertel bekannt geben &#8222;Wir sehen uns in unserer Forderung nach einem Atomstromimport-Verbot nach Gespr\u00e4chen mit deutschen Atomgegner_innen absolut best\u00e4rkt!&#8220;, so Gabriele Schweiger, Obfrau M\u00fctter gegen Atomgefahr, Manfred Doppler, Sprecher Anti Atom Komitee und &hellip; <a href=\"https:\/\/www.muettergegenatomgefahr.at\/?p=394\">Weiterlesen <span class=\"meta-nav\">&rarr;<\/span><\/a><\/p>\n","protected":false},"author":2,"featured_media":0,"comment_status":"open","ping_status":"open","sticky":false,"template":"","format":"standard","meta":{"footnotes":""},"categories":[1],"tags":[],"class_list":["post-394","post","type-post","status-publish","format-standard","hentry","category-allgemein"],"_links":{"self":[{"href":"https:\/\/www.muettergegenatomgefahr.at\/index.php?rest_route=\/wp\/v2\/posts\/394","targetHints":{"allow":["GET"]}}],"collection":[{"href":"https:\/\/www.muettergegenatomgefahr.at\/index.php?rest_route=\/wp\/v2\/posts"}],"about":[{"href":"https:\/\/www.muettergegenatomgefahr.at\/index.php?rest_route=\/wp\/v2\/types\/post"}],"author":[{"embeddable":true,"href":"https:\/\/www.muettergegenatomgefahr.at\/index.php?rest_route=\/wp\/v2\/users\/2"}],"replies":[{"embeddable":true,"href":"https:\/\/www.muettergegenatomgefahr.at\/index.php?rest_route=%2Fwp%2Fv2%2Fcomments&post=394"}],"version-history":[{"count":1,"href":"https:\/\/www.muettergegenatomgefahr.at\/index.php?rest_route=\/wp\/v2\/posts\/394\/revisions"}],"predecessor-version":[{"id":395,"href":"https:\/\/www.muettergegenatomgefahr.at\/index.php?rest_route=\/wp\/v2\/posts\/394\/revisions\/395"}],"wp:attachment":[{"href":"https:\/\/www.muettergegenatomgefahr.at\/index.php?rest_route=%2Fwp%2Fv2%2Fmedia&parent=394"}],"wp:term":[{"taxonomy":"category","embeddable":true,"href":"https:\/\/www.muettergegenatomgefahr.at\/index.php?rest_route=%2Fwp%2Fv2%2Fcategories&post=394"},{"taxonomy":"post_tag","embeddable":true,"href":"https:\/\/www.muettergegenatomgefahr.at\/index.php?rest_route=%2Fwp%2Fv2%2Ftags&post=394"}],"curies":[{"name":"wp","href":"https:\/\/api.w.org\/{rel}","templated":true}]}}