{"id":396,"date":"2012-02-07T16:08:55","date_gmt":"2012-02-07T14:08:55","guid":{"rendered":"http:\/\/www.muettergegenatomgefahr.at\/?p=396"},"modified":"2012-02-07T16:08:55","modified_gmt":"2012-02-07T14:08:55","slug":"oo-atomgegner_innen-uberfalliger-schritt-der-oberosterreichischen-landesregierung-in-der-antiatom-offensive","status":"publish","type":"post","link":"https:\/\/www.muettergegenatomgefahr.at\/?p=396","title":{"rendered":"O\u00d6 Atomgegner_innen: \u00dcberf\u00e4lliger Schritt der ober\u00f6sterreichischen Landesregierung in der Antiatom-Offensive"},"content":{"rendered":"<p><em> Gemeinsamer Auftrag f\u00fcr eine atomkraftfreie Zukunft! <\/em><\/p>\n<p>Die ober\u00f6sterreichischen Atomgegner_innen begr\u00fc\u00dfen den gestern einstimmig gef\u00e4llten Vier-Parteien-Beschluss der O\u00d6 Landesregierung, demzufolge eine Organisation aus der Antiatom-Offensive des Landes O\u00d6 ausgeschlossen wurde. &#8222;Dieses klare und einstimmige Signal l\u00e4sst hoffen, dass f\u00fcr die Querelen und Irritationen der vergangenen Monate und Jahre ein Ende absehbar wird. Es ist uns wichtig, dass s\u00e4mtliche Energien ungeteilt unserem eigentlichen Thema, n\u00e4mlich der Anti-Atomarbeit, gewidmet werden k\u00f6nnen &#8211; und das in produktiver Einigkeit zwischen Politik und NGOs!&#8220;, so Roland Egger und Gabriele Schweiger, die Obleute von atomstopp_atomkraftfrei leben! bzw. M\u00fctter gegen Atomgefahr sowie Manfred Doppler, Sprecher des Anti Atom Komitees. Und weiter: &#8222;Die aktuellen Entwicklungen in der Anti-Atompolitik stellen uns vor gro\u00dfe Herausforderungen und bieten Ansatzpunkte, um in \u00d6sterreich, aber auch in Europa entscheidende Impulse f\u00fcr eine atomkraftfreie Zukunft setzen zu k\u00f6nnen. Das ist unser gemeinsamer Auftrag, den wir gerne in Angriff nehmen, und zwar ohne St\u00f6rger\u00e4usche, daf\u00fcr mit vereinten, sich gegenseitig unterst\u00fctzenden Kr\u00e4ften, parteien\u00fcbergreifend und abseits jeder ideologischen Verbissenheit.&#8220;<\/p>\n<p>&#8222;Am kommenden Mittwoch, dem 15. Feber 2012, findet der n\u00e4chste Anti-Atomgipfel im Linzer Landhaus statt. &#8222;Gemeinsam werden wir den Fahrplan f\u00fcr eine m\u00f6glichst effektive Fortf\u00fchrung der lang tradierten ober\u00f6sterreichischen Anti-Atompolitik finden, und zwar in einer Zusammenarbeit, die von Respekt f\u00fcr einander getragen und unserem \u00fcbergeordneten Ziel geschuldet sein wird.&#8220;, so Egger, Schweiger und Doppler abschlie\u00dfend.<\/p>\n<p>Weitere Informationen:<br \/>\nRoland Egger + 43 680 23 93 019<br \/>\nGabriele Schweiger + 43 680 33 33 625<br \/>\nManfred Doppler + 43 664 450 50 15<\/p>\n","protected":false},"excerpt":{"rendered":"<p>Gemeinsamer Auftrag f\u00fcr eine atomkraftfreie Zukunft! Die ober\u00f6sterreichischen Atomgegner_innen begr\u00fc\u00dfen den gestern einstimmig gef\u00e4llten Vier-Parteien-Beschluss der O\u00d6 Landesregierung, demzufolge eine Organisation aus der Antiatom-Offensive des Landes O\u00d6 ausgeschlossen wurde. &#8222;Dieses klare und einstimmige Signal l\u00e4sst hoffen, dass f\u00fcr die Querelen &hellip; <a href=\"https:\/\/www.muettergegenatomgefahr.at\/?p=396\">Weiterlesen <span class=\"meta-nav\">&rarr;<\/span><\/a><\/p>\n","protected":false},"author":2,"featured_media":0,"comment_status":"open","ping_status":"open","sticky":false,"template":"","format":"standard","meta":{"footnotes":""},"categories":[1],"tags":[],"class_list":["post-396","post","type-post","status-publish","format-standard","hentry","category-allgemein"],"_links":{"self":[{"href":"https:\/\/www.muettergegenatomgefahr.at\/index.php?rest_route=\/wp\/v2\/posts\/396","targetHints":{"allow":["GET"]}}],"collection":[{"href":"https:\/\/www.muettergegenatomgefahr.at\/index.php?rest_route=\/wp\/v2\/posts"}],"about":[{"href":"https:\/\/www.muettergegenatomgefahr.at\/index.php?rest_route=\/wp\/v2\/types\/post"}],"author":[{"embeddable":true,"href":"https:\/\/www.muettergegenatomgefahr.at\/index.php?rest_route=\/wp\/v2\/users\/2"}],"replies":[{"embeddable":true,"href":"https:\/\/www.muettergegenatomgefahr.at\/index.php?rest_route=%2Fwp%2Fv2%2Fcomments&post=396"}],"version-history":[{"count":1,"href":"https:\/\/www.muettergegenatomgefahr.at\/index.php?rest_route=\/wp\/v2\/posts\/396\/revisions"}],"predecessor-version":[{"id":397,"href":"https:\/\/www.muettergegenatomgefahr.at\/index.php?rest_route=\/wp\/v2\/posts\/396\/revisions\/397"}],"wp:attachment":[{"href":"https:\/\/www.muettergegenatomgefahr.at\/index.php?rest_route=%2Fwp%2Fv2%2Fmedia&parent=396"}],"wp:term":[{"taxonomy":"category","embeddable":true,"href":"https:\/\/www.muettergegenatomgefahr.at\/index.php?rest_route=%2Fwp%2Fv2%2Fcategories&post=396"},{"taxonomy":"post_tag","embeddable":true,"href":"https:\/\/www.muettergegenatomgefahr.at\/index.php?rest_route=%2Fwp%2Fv2%2Ftags&post=396"}],"curies":[{"name":"wp","href":"https:\/\/api.w.org\/{rel}","templated":true}]}}