{"id":408,"date":"2012-02-19T14:21:52","date_gmt":"2012-02-19T12:21:52","guid":{"rendered":"http:\/\/www.muettergegenatomgefahr.at\/?p=408"},"modified":"2012-02-19T14:21:52","modified_gmt":"2012-02-19T12:21:52","slug":"osterreichisches-netzwerk-atomkraftfrei-zweites-vernetzungstreffen-osterreichischer-atomgegner_innen-in-linz","status":"publish","type":"post","link":"https:\/\/www.muettergegenatomgefahr.at\/?p=408","title":{"rendered":"\u00d6sterreichisches Netzwerk Atomkraftfrei: Zweites Vernetzungstreffen \u00f6sterreichischer Atomgegner_innen in Linz"},"content":{"rendered":"<p><em>Koordination zu den Themen \u00f6sterreichisches Atomstromimport-Verbot, Europ\u00e4isches B\u00fcrgerbegehren, FUKUSHIMA-Gedenktag<\/em><\/p>\n<p>Bereits zum zweitenmal trafen sich \u00f6sterreichische Atomgegner_innen in Linz, um als \u00d6sterreichisches Netzwerk Atomkraftfrei die zentralen Themen der n\u00e4chsten Monate abzustimmen. In das Netzwerk eingebundene Gruppen sind:<\/p>\n<p><em>AFAZ (Arbeitskreis Atomkraftfreie Zukunft, Innsbruck), Anti Atom Komitee (Freistadt), atomstopp_atomkraftfrei leben! (Linz), Begegnungszentrum f\u00fcr aktive Gewaltlosigkeit (Bad Ischl), GLOBAL 2000, Gr\u00fcne Sch\u00e4rding, M\u00fctter gegen Atomgefahr (Freistadt), Naturschutzbund Ober\u00f6sterreich Stadtgruppe Linz, Naturschutzbund Ober\u00f6sterreich Ortsgruppe Sch\u00e4rding, Plattfo  rm wald4tel.atomkraftfrei (Dallein), Salzburger Plattform gegen Atomgefahren, Sonne&amp;Freiheit (Sandl), Vorarlberger Plattform gegen Atomgefahren, Wiener Plattform Atomkraftfrei<\/em><\/p>\n<p>Die Forderung nach einem \u00f6sterreichischen Atomstromimport-Verbot wird vom \u00d6sterreichischen Netzwerk Atomkraftfrei vollinhaltlich unterst\u00fctzt. F\u00fcr die Weigerung von Wirtschaftsminister Mitterlehner, sich umgehend und vorbehaltlos f\u00fcr ein wasserdichtes \u00f6sterreichisches Atomstromimport-Verbot einzusetzen, besteht kein Verst\u00e4ndnis.<\/p>\n<p>Weitgehend einig ist man sich im Netzwerk auch, ein von GLOBAL 2000 und Greenpeace vorbereitetes Europ\u00e4isches B\u00fcrgerbegehren zum europ\u00e4ischen Atomausstieg zu unterst\u00fctzen, und damit dem Thema ein Jahr nach FUKUSHIMA Dringlichkeit zu geben.<\/p>\n<p>Zum diesj\u00e4hrigen FUKUSHIMA Gedenken wird es \u00f6sterreichweit Veranstaltungen geben: die Vorarlberger Antiatom-Gruppen werden sich an einer Demon  stration in der Schweiz beteiligen, die Tiroler Gruppen in Innsbruck einen Infostand abhalten, in Salzburg werden ebenso Aktionen geplant. In Ober\u00f6sterreich wird es Infost\u00e4nde in Linz und in Pregarten geben, sowie eine Aktion in Temelin. Au\u00dferdem wird mit einer Aktion auf die internationalen Gedenkveranstaltungen mit einer Menschenkette aufmerksam gemacht. Die Wiener Plattform wird bereits zum Frauentag am 8. M\u00e4rz die Pseudo-AKW-Stresstests und den Ausbau von Mochovce thematisieren. GLOBAL 2000 wird vor der japanischen Botschaft einen Flashmob veranstalten.   Das n\u00e4chste Vernetzungstreffen findet voraussichtlich im Juni in Salzburg statt.<\/p>\n<p>Weitere Informationen f\u00fcr die Koordination \u00d6sterreichisches Netzwerk Atomkraftfrei und f\u00fcr R\u00fcckfragen von weiteren interessierten Gruppen und Vereinen:<\/p>\n<p>Roland Egger &#8211; 0680 23 93 019<br \/>\nManfred Doppler &#8211; 0664 450 50 15<\/p>\n","protected":false},"excerpt":{"rendered":"<p>Koordination zu den Themen \u00f6sterreichisches Atomstromimport-Verbot, Europ\u00e4isches B\u00fcrgerbegehren, FUKUSHIMA-Gedenktag Bereits zum zweitenmal trafen sich \u00f6sterreichische Atomgegner_innen in Linz, um als \u00d6sterreichisches Netzwerk Atomkraftfrei die zentralen Themen der n\u00e4chsten Monate abzustimmen. In das Netzwerk eingebundene Gruppen sind: AFAZ (Arbeitskreis Atomkraftfreie Zukunft, &hellip; <a href=\"https:\/\/www.muettergegenatomgefahr.at\/?p=408\">Weiterlesen <span class=\"meta-nav\">&rarr;<\/span><\/a><\/p>\n","protected":false},"author":2,"featured_media":0,"comment_status":"open","ping_status":"open","sticky":false,"template":"","format":"standard","meta":{"footnotes":""},"categories":[1],"tags":[],"class_list":["post-408","post","type-post","status-publish","format-standard","hentry","category-allgemein"],"_links":{"self":[{"href":"https:\/\/www.muettergegenatomgefahr.at\/index.php?rest_route=\/wp\/v2\/posts\/408","targetHints":{"allow":["GET"]}}],"collection":[{"href":"https:\/\/www.muettergegenatomgefahr.at\/index.php?rest_route=\/wp\/v2\/posts"}],"about":[{"href":"https:\/\/www.muettergegenatomgefahr.at\/index.php?rest_route=\/wp\/v2\/types\/post"}],"author":[{"embeddable":true,"href":"https:\/\/www.muettergegenatomgefahr.at\/index.php?rest_route=\/wp\/v2\/users\/2"}],"replies":[{"embeddable":true,"href":"https:\/\/www.muettergegenatomgefahr.at\/index.php?rest_route=%2Fwp%2Fv2%2Fcomments&post=408"}],"version-history":[{"count":1,"href":"https:\/\/www.muettergegenatomgefahr.at\/index.php?rest_route=\/wp\/v2\/posts\/408\/revisions"}],"predecessor-version":[{"id":409,"href":"https:\/\/www.muettergegenatomgefahr.at\/index.php?rest_route=\/wp\/v2\/posts\/408\/revisions\/409"}],"wp:attachment":[{"href":"https:\/\/www.muettergegenatomgefahr.at\/index.php?rest_route=%2Fwp%2Fv2%2Fmedia&parent=408"}],"wp:term":[{"taxonomy":"category","embeddable":true,"href":"https:\/\/www.muettergegenatomgefahr.at\/index.php?rest_route=%2Fwp%2Fv2%2Fcategories&post=408"},{"taxonomy":"post_tag","embeddable":true,"href":"https:\/\/www.muettergegenatomgefahr.at\/index.php?rest_route=%2Fwp%2Fv2%2Ftags&post=408"}],"curies":[{"name":"wp","href":"https:\/\/api.w.org\/{rel}","templated":true}]}}