{"id":410,"date":"2012-02-28T12:55:47","date_gmt":"2012-02-28T10:55:47","guid":{"rendered":"http:\/\/www.muettergegenatomgefahr.at\/?p=410"},"modified":"2012-02-28T13:15:17","modified_gmt":"2012-02-28T11:15:17","slug":"oo-atomgegner_innen-das-undenkbare-denken-fukushima-gedenken-in-linz-pregarten-und-in-temelin","status":"publish","type":"post","link":"https:\/\/www.muettergegenatomgefahr.at\/?p=410","title":{"rendered":"O\u00d6 Atomgegner_innen: Das Undenkbare denken &#8211; FUKUSHIMA Gedenken in Linz, Pregarten und in Temelin"},"content":{"rendered":"<p><em>Erdbebenrisiko in Temelin wird untersch\u00e4tzt &#8211; Offene Sicherheitsfragen aus Melker Abkommen immer noch ungekl\u00e4rt!<\/em><\/p>\n<p>&#8222;Die Folgen des Dreifach-SuperGAUs von FUKUSHIMA sind noch v\u00f6llig unabsehbar und der &#8222;Umgang&#8220; mit der Reaktorkatastrophe mutet dilettantisch bis hilflos an: Um nicht ganze Landstriche evakuieren zu m\u00fcssen, wurden unmittelbar nach dem SuperGAU einfach die Grenzwerte f\u00fcr die radioaktive Belastung nach oben gesetzt. F\u00fcr Schulkinder wurden Grenzwerte als &#8222;akzeptabel&#8220; angesetzt, die als h\u00f6chste Dosis f\u00fcr Mitarbeiter_innen in deutschen Atomkraftwerken gelten. Um den Handel mit japanischen Produkten nicht einzuschr\u00e4nken, wurden \u00fcber eine Notverordnung &#8211; legitimiert durch den EURATOM-Vertrag &#8211; auch die europ&amp;a uml;ischen Grenzwerte angehoben. Nach wie vor tritt radioaktive Strahlung aus &#8211; vorwiegend in das japanische Meer. Und um die radioaktive Belastung des Meeresbodens in den Griff zu bekommen, wird der Meeresboden einfach zubetoniert.&#8220;, sind Roland Egger, Obmann von atomstopp_atomkraftfrei leben!, Gabriele Schweiger, Obfrau von M\u00fctter gegen Atomgefahr und Manfred Doppler, Sprecher des Anti Atom Komitees schockiert.<\/p>\n<p>Unter dem Motto:<\/p>\n<p><em>&#8222;Das Undenkbare denken &#8211; FUKUSHIMA gedenken&#8220;<\/em> finden Infost\u00e4nde und eine Aktion statt:<\/p>\n<p>2. M\u00e4rz &#8211; 11 bis 17 Uhr &#8211; Taubenmarkt Linz<\/p>\n<p>3. M\u00e4rz &#8211; 10 bis 17 Uhr &#8211; Bruckm\u00fchle Pregarten<\/p>\n<p>4. M\u00e4rz &#8211; 9 bis 16 Uhr &#8211; Bruckm\u00fchle Pregarten<\/p>\n<p>11. M\u00e4rz &#8211; 13 bis 14 Uhr &#8211; Aktion vor dem AKW Temelin &#8211; Kocin &#8211;<br \/>\nzum Erdbebenrisiko in Temelin und zu den offenen Sicherheitsfragen aus dem Melker Abkommen.<\/p>\n<p>Weitere Informationen:<br \/>\nRoland Egger + 43 680 23 93 019<br \/>\nGabriele Schweiger + 43 680 33 33 625<br \/>\nManfred Doppler + 43 664 450 50 15<\/p>\n","protected":false},"excerpt":{"rendered":"<p>Erdbebenrisiko in Temelin wird untersch\u00e4tzt &#8211; Offene Sicherheitsfragen aus Melker Abkommen immer noch ungekl\u00e4rt! &#8222;Die Folgen des Dreifach-SuperGAUs von FUKUSHIMA sind noch v\u00f6llig unabsehbar und der &#8222;Umgang&#8220; mit der Reaktorkatastrophe mutet dilettantisch bis hilflos an: Um nicht ganze Landstriche evakuieren &hellip; <a href=\"https:\/\/www.muettergegenatomgefahr.at\/?p=410\">Weiterlesen <span class=\"meta-nav\">&rarr;<\/span><\/a><\/p>\n","protected":false},"author":2,"featured_media":0,"comment_status":"open","ping_status":"open","sticky":false,"template":"","format":"standard","meta":{"footnotes":""},"categories":[1],"tags":[],"class_list":["post-410","post","type-post","status-publish","format-standard","hentry","category-allgemein"],"_links":{"self":[{"href":"https:\/\/www.muettergegenatomgefahr.at\/index.php?rest_route=\/wp\/v2\/posts\/410","targetHints":{"allow":["GET"]}}],"collection":[{"href":"https:\/\/www.muettergegenatomgefahr.at\/index.php?rest_route=\/wp\/v2\/posts"}],"about":[{"href":"https:\/\/www.muettergegenatomgefahr.at\/index.php?rest_route=\/wp\/v2\/types\/post"}],"author":[{"embeddable":true,"href":"https:\/\/www.muettergegenatomgefahr.at\/index.php?rest_route=\/wp\/v2\/users\/2"}],"replies":[{"embeddable":true,"href":"https:\/\/www.muettergegenatomgefahr.at\/index.php?rest_route=%2Fwp%2Fv2%2Fcomments&post=410"}],"version-history":[{"count":4,"href":"https:\/\/www.muettergegenatomgefahr.at\/index.php?rest_route=\/wp\/v2\/posts\/410\/revisions"}],"predecessor-version":[{"id":414,"href":"https:\/\/www.muettergegenatomgefahr.at\/index.php?rest_route=\/wp\/v2\/posts\/410\/revisions\/414"}],"wp:attachment":[{"href":"https:\/\/www.muettergegenatomgefahr.at\/index.php?rest_route=%2Fwp%2Fv2%2Fmedia&parent=410"}],"wp:term":[{"taxonomy":"category","embeddable":true,"href":"https:\/\/www.muettergegenatomgefahr.at\/index.php?rest_route=%2Fwp%2Fv2%2Fcategories&post=410"},{"taxonomy":"post_tag","embeddable":true,"href":"https:\/\/www.muettergegenatomgefahr.at\/index.php?rest_route=%2Fwp%2Fv2%2Ftags&post=410"}],"curies":[{"name":"wp","href":"https:\/\/api.w.org\/{rel}","templated":true}]}}