{"id":415,"date":"2012-03-01T08:41:24","date_gmt":"2012-03-01T06:41:24","guid":{"rendered":"http:\/\/www.muettergegenatomgefahr.at\/?p=415"},"modified":"2012-03-01T08:41:24","modified_gmt":"2012-03-01T06:41:24","slug":"oo-atomgegner_innen-warten-seit-einem-monat-auf-termin-mit-wirtschaftsminister-mitterlehner-wegen-atomstromimport-verbot","status":"publish","type":"post","link":"https:\/\/www.muettergegenatomgefahr.at\/?p=415","title":{"rendered":"O\u00d6 Atomgegner_innen warten seit einem Monat auf Termin mit Wirtschaftsminister Mitterlehner wegen Atomstromimport-Verbot!"},"content":{"rendered":"<p><em> Wirtschaftsminister Mitterlehner am Freitag, 2. M\u00e4rz bei Energiesparmesse in Wels<\/em><\/p>\n<p><em><\/em> &#8222;Vor mehr als einem Monat hat uns Wirtschaftsminister Mitterlehner zugesagt, bei einer \u00f6ffentlichen Veranstaltung in seinem Heimatbezirk Rohrbach in Ober\u00f6sterreich Stellung zu nehmen zu unserer Forderung nach einem \u00f6sterreichischen Atomstromimport-Verbot! Auf einen Termin warten wir immer noch!&#8220;, so Roland Egger, Obmann von atomstopp_atomkraftfrei leben!, Gabriele Schweiger, Obfrau der M\u00fctter gegen Atomgefahr und Manfred Doppler, Sprecher des Anti Atom Komitees.<\/p>\n<p>&#8222;Wirtschaftsminister Mitterlehner soll der Bev\u00f6lkerung in seinem Heimatbezirk erkl\u00e4ren, warum er zwar gegen einen Ausbau des Atomkraftwerks Temelin ist, andererseits aber den Atomstrom aus Temelin ungehindert nach \u00d6sterreich hereinlassen will! Gegen ein \u00f6sterreichisches Atomstromimport-Verbot stellen sich nur der Wirtschaftsminister, die Industriellenvereinigung und die Wirtschaftskammer quer &#8211; ganz nach dem Slogan: Hat die Wirtschaft etwas zu sagen, geht`s der Atomindustrie nicht an den Kragen!&#8220;, sind Egger, Schweiger und Doppler emp\u00f6rt.<\/p>\n<p>&#8222;Unsere Geduld ist endenwollend! Eine aktionistische Einladung f\u00fcr die \u00f6ffentliche Veranstaltung hat es bereits gegeben! Wir hoffen, dass Wirtschaftsminister Mitterlehner keine weitere Einladungen braucht und uns noch heute seine m\u00f6glichen Termine f\u00fcr die Veranstaltung zum Atomstromimport-Verbot bekannt gibt!&#8220;, so Egger, Schweiger und Doppler abschlie\u00dfend.<\/p>\n<p>Weitere Informationen:<br \/>\nRoland Egger + 43 680 23 93 019<br \/>\nGabriele Schweiger + 43 680 33 33 625<br \/>\nManfred Doppler + 43 664 450 50 15<\/p>\n","protected":false},"excerpt":{"rendered":"<p>Wirtschaftsminister Mitterlehner am Freitag, 2. M\u00e4rz bei Energiesparmesse in Wels &#8222;Vor mehr als einem Monat hat uns Wirtschaftsminister Mitterlehner zugesagt, bei einer \u00f6ffentlichen Veranstaltung in seinem Heimatbezirk Rohrbach in Ober\u00f6sterreich Stellung zu nehmen zu unserer Forderung nach einem \u00f6sterreichischen Atomstromimport-Verbot! &hellip; <a href=\"https:\/\/www.muettergegenatomgefahr.at\/?p=415\">Weiterlesen <span class=\"meta-nav\">&rarr;<\/span><\/a><\/p>\n","protected":false},"author":2,"featured_media":0,"comment_status":"open","ping_status":"open","sticky":false,"template":"","format":"standard","meta":{"footnotes":""},"categories":[1],"tags":[],"class_list":["post-415","post","type-post","status-publish","format-standard","hentry","category-allgemein"],"_links":{"self":[{"href":"https:\/\/www.muettergegenatomgefahr.at\/index.php?rest_route=\/wp\/v2\/posts\/415","targetHints":{"allow":["GET"]}}],"collection":[{"href":"https:\/\/www.muettergegenatomgefahr.at\/index.php?rest_route=\/wp\/v2\/posts"}],"about":[{"href":"https:\/\/www.muettergegenatomgefahr.at\/index.php?rest_route=\/wp\/v2\/types\/post"}],"author":[{"embeddable":true,"href":"https:\/\/www.muettergegenatomgefahr.at\/index.php?rest_route=\/wp\/v2\/users\/2"}],"replies":[{"embeddable":true,"href":"https:\/\/www.muettergegenatomgefahr.at\/index.php?rest_route=%2Fwp%2Fv2%2Fcomments&post=415"}],"version-history":[{"count":1,"href":"https:\/\/www.muettergegenatomgefahr.at\/index.php?rest_route=\/wp\/v2\/posts\/415\/revisions"}],"predecessor-version":[{"id":416,"href":"https:\/\/www.muettergegenatomgefahr.at\/index.php?rest_route=\/wp\/v2\/posts\/415\/revisions\/416"}],"wp:attachment":[{"href":"https:\/\/www.muettergegenatomgefahr.at\/index.php?rest_route=%2Fwp%2Fv2%2Fmedia&parent=415"}],"wp:term":[{"taxonomy":"category","embeddable":true,"href":"https:\/\/www.muettergegenatomgefahr.at\/index.php?rest_route=%2Fwp%2Fv2%2Fcategories&post=415"},{"taxonomy":"post_tag","embeddable":true,"href":"https:\/\/www.muettergegenatomgefahr.at\/index.php?rest_route=%2Fwp%2Fv2%2Ftags&post=415"}],"curies":[{"name":"wp","href":"https:\/\/api.w.org\/{rel}","templated":true}]}}