{"id":419,"date":"2012-03-07T12:31:20","date_gmt":"2012-03-07T10:31:20","guid":{"rendered":"http:\/\/www.muettergegenatomgefahr.at\/?p=419"},"modified":"2012-03-07T12:31:20","modified_gmt":"2012-03-07T10:31:20","slug":"oo-atomgegner_innen-offener-brief-an-sudbohmischen-kreishauptmann-zimola","status":"publish","type":"post","link":"https:\/\/www.muettergegenatomgefahr.at\/?p=419","title":{"rendered":"O\u00d6 Atomgegner_innen: Offener Brief an s\u00fcdb\u00f6hmischen Kreishauptmann Zimola"},"content":{"rendered":"<p><em>Einladung zur FUKUSHIMA Aktion am Sonntag, 11. M\u00e4rz in Kocin &#8211; Umspannwerk des AKW Temelin<\/em> &#8211; 13 Uhr bis 14 Uhr<\/p>\n<p>Sehr geehrter Herr Kreishauptmann Zimola!<\/p>\n<p>Am kommenden Sonntag, dem 11. M\u00e4rz, wird es weltweit Gedenkveranstaltungen zum Mehrfach-SuperGAU von FUKUSHIMA geben. Weltweit werden Menschen wegen der unabsehbaren Folgen der Nutzung der Atomenergie demonstrieren und im Gedenken an FUKUSHIMA auf die unmittelbaren atomaren Gefahren hinweisen.<\/p>\n<p>Das Bundesland Ober\u00f6sterreich und seine Bev\u00f6lkerung ist durch das Atomkraftwerk Temelin besonders bedroht. Die wochenlangen Demonstrationen an den \u00f6sterreichisch-tschechischen Grenzen unmittelbar vor der Z\u00fcndung der atomaren Kettenreaktion im Oktober 2000 waren der H\u00f6hepunkt und Ausdruck einer gro\u00dfe  n Angst. Mit dem Melker Abkommen und international verbindlicher und von Tschechien zugesicherter Nachr\u00fcstungen versuchten Politiker_innen aus beiden L\u00e4ndern, die Sicherheitsbedenken der Bev\u00f6lkerung zu zerstreuen. Allerdings &#8211; und das muss leider festgehalten werden &#8211; wenig erfolgreich: Auch nach mehr als einem Jahrzehnt intensiven sicherheitstechnischen Dialogs best\u00e4tigt uns die \u00f6sterreichische Bundesregierung, dass gerade in der Frage der Erdbebengef\u00e4hrdung am Standort Temelin es noch immer keine endg\u00fcltige Einsch\u00e4tzung gibt!<\/p>\n<p>Im Hinblick auf die derzeit laufende Umweltvertr\u00e4glichkeitspr\u00fcfung f\u00fcr den Ausbau des Atomkraftwerks Temelin finden wir das im h\u00f6chsten Ma\u00dfe beunruhigend.  Sehr geehrter Herr Kreishauptmann,  gerne laden wir Sie zur Aktion der ober\u00f6sterreichischen Atomgegner_innen in Kocin &#8211; Umspannwerk des AKW Temelin ein. Die Aktion wird um 13 Uhr mit einer Referenz  an die Opfer der japanischen Reaktorkatastrophe von FUKUSHIMA beginnen. Wir freuen uns, Ihnen anschlie\u00dfend die entsprechende Korrespondenz aus dem \u00f6sterreichischen Bundeskanzleramt \u00fcbergeben zu d\u00fcrfen, in der nachzulesen ist, dass das Ausma\u00df der Erdbebengef\u00e4hrdung am Standort Temelin ungekl\u00e4rt ist.<\/p>\n<p>Mit besten Gr\u00fc\u00dfen<\/p>\n<p>Roland Egger &#8211; Obmann von atomstopp_atomkraftfrei leben!<br \/>\nGabriele Schweiger &#8211; Obfrau der M\u00fctter gegen Atomgefahr<br \/>\nManfred Doppler &#8211; Sprecher des Anti Atom Komitees<\/p>\n<p>Weitere Informationen:<\/p>\n<p>Roland Egger + 43 680 23 93 019<br \/>\nGabriele Schweiger + 43 680 33 33 625<br \/>\nManfred Doppler + 43 664 450 50 15<\/p>\n","protected":false},"excerpt":{"rendered":"<p>Einladung zur FUKUSHIMA Aktion am Sonntag, 11. M\u00e4rz in Kocin &#8211; Umspannwerk des AKW Temelin &#8211; 13 Uhr bis 14 Uhr Sehr geehrter Herr Kreishauptmann Zimola! Am kommenden Sonntag, dem 11. M\u00e4rz, wird es weltweit Gedenkveranstaltungen zum Mehrfach-SuperGAU von FUKUSHIMA &hellip; <a href=\"https:\/\/www.muettergegenatomgefahr.at\/?p=419\">Weiterlesen <span class=\"meta-nav\">&rarr;<\/span><\/a><\/p>\n","protected":false},"author":2,"featured_media":0,"comment_status":"open","ping_status":"open","sticky":false,"template":"","format":"standard","meta":{"footnotes":""},"categories":[1],"tags":[],"class_list":["post-419","post","type-post","status-publish","format-standard","hentry","category-allgemein"],"_links":{"self":[{"href":"https:\/\/www.muettergegenatomgefahr.at\/index.php?rest_route=\/wp\/v2\/posts\/419","targetHints":{"allow":["GET"]}}],"collection":[{"href":"https:\/\/www.muettergegenatomgefahr.at\/index.php?rest_route=\/wp\/v2\/posts"}],"about":[{"href":"https:\/\/www.muettergegenatomgefahr.at\/index.php?rest_route=\/wp\/v2\/types\/post"}],"author":[{"embeddable":true,"href":"https:\/\/www.muettergegenatomgefahr.at\/index.php?rest_route=\/wp\/v2\/users\/2"}],"replies":[{"embeddable":true,"href":"https:\/\/www.muettergegenatomgefahr.at\/index.php?rest_route=%2Fwp%2Fv2%2Fcomments&post=419"}],"version-history":[{"count":1,"href":"https:\/\/www.muettergegenatomgefahr.at\/index.php?rest_route=\/wp\/v2\/posts\/419\/revisions"}],"predecessor-version":[{"id":420,"href":"https:\/\/www.muettergegenatomgefahr.at\/index.php?rest_route=\/wp\/v2\/posts\/419\/revisions\/420"}],"wp:attachment":[{"href":"https:\/\/www.muettergegenatomgefahr.at\/index.php?rest_route=%2Fwp%2Fv2%2Fmedia&parent=419"}],"wp:term":[{"taxonomy":"category","embeddable":true,"href":"https:\/\/www.muettergegenatomgefahr.at\/index.php?rest_route=%2Fwp%2Fv2%2Fcategories&post=419"},{"taxonomy":"post_tag","embeddable":true,"href":"https:\/\/www.muettergegenatomgefahr.at\/index.php?rest_route=%2Fwp%2Fv2%2Ftags&post=419"}],"curies":[{"name":"wp","href":"https:\/\/api.w.org\/{rel}","templated":true}]}}