{"id":421,"date":"2012-03-09T09:55:48","date_gmt":"2012-03-09T07:55:48","guid":{"rendered":"http:\/\/www.muettergegenatomgefahr.at\/?p=421"},"modified":"2012-03-09T09:55:48","modified_gmt":"2012-03-09T07:55:48","slug":"oo-atomgegner_innen-bm-mitterlehner-wird-sich-diskussion-zu-atomstromimport-verbot-in-rohrbach-stellen","status":"publish","type":"post","link":"https:\/\/www.muettergegenatomgefahr.at\/?p=421","title":{"rendered":"O\u00d6 Atomgegner_innen: BM Mitterlehner wird sich Diskussion zu Atomstromimport-Verbot in Rohrbach stellen"},"content":{"rendered":"<p><em>Land O\u00d6 kann mit einem Regierungsbeschluss Weichen f\u00fcr wasserdichtes Atomstromimport-Verbot stellen<\/em><\/p>\n<p>&#8222;Wir freuen uns, dass Bundesminister Mitterlehner unserer Einladung gefolgt ist und sich in seinem Heimatbezirk Rohrbach (O\u00d6) in einer Diskussionsveranstaltung zum Atomstromimport-Verbot erkl\u00e4ren wird. Die Diskussion wird am Freitag, 13. April in Rohrbach stattfinden!&#8220;, so Roland Egger, Obmann von atomstopp_atomkraftfrei leben!, Gabriele Schweiger, Obfrau M\u00fctter gegen Atomgefahr und Manfred Doppler, Sprecher des Anti Atom Komitees.<\/p>\n<p>Es gibt durchaus schon Signale auf Bundesebene, mit einem wasserdichten \u00f6sterreichischen Atomstromimport-Verbot den Atom-Ausbaupl\u00e4nen in Tschechien und der Slowakei eine Abfuhr zu erteilen &#8222;Dass der SP\u00d6-Umweltsprecher Hannes Weninger von der Europ\u00e4ischen Union Unterst\u00fctzung f\u00fcr ein \u00f6sterreichisches Atomstromimport-Verbot w\u00fcnscht, ist ein feines Signal! Die \u00d6sterreicher_ innen stehen laut Umfrage mehrheitlich dazu und wir m\u00f6chten die Bundes-SP\u00d6 darin best\u00e4rken, den Koalitionspartner \u00d6VP auch auf Bundesebene von der Richtigkeit dieser gesetzlichen Ma\u00dfnahme \u00fcberzeugen zu k\u00f6nnen!&#8220;, so die O\u00d6 Atomgegner_innen weiter.<\/p>\n<p>Atomstromimporte nach \u00d6sterreich zur\u00fcckzudr\u00e4ngen ist seit langem Teil der O\u00d6 Antiatom-Offensive. Es sollte also gerade f\u00fcr ober\u00f6sterreichische Volksvertreter_innen kein Problem darstellen, hier ein beherztes Signal zu setzen. &#8222;Die O\u00d6 Landesregierung k\u00f6nnte mit einem unmissverst\u00e4ndlichen Beschluss die Weichen f\u00fcr ein \u00f6sterreichisches Atomstromimport-Verbot stellen! Wir sind zuversichtlich, dass ein solcher Beschluss bis zum 13. April zustande kommen kann! Gegen das AKW Temelin sein, gleichzeitig aber den Atomstrom aus Temelin nach \u00d6sterreich zu importieren, kann nicht gerechtfertigt werden. Deshalb sehen wir auch die Chancen optimistisch, dass sich die \u00f6sterreichische Bundesregierung zu einem Atomstromimport-Verbot bekennen wird!&#8220;, so Egger, Schweiger und Doppler abschlie\u00dfend.<\/p>\n<p>Weitere Informationen:<br \/>\nRoland Egger + 43 680 23 93 019<br \/>\nGabriele Schweiger + 43 680 33 33 625<br \/>\nManfred Doppler + 43 664 450 50 15<\/p>\n","protected":false},"excerpt":{"rendered":"<p>Land O\u00d6 kann mit einem Regierungsbeschluss Weichen f\u00fcr wasserdichtes Atomstromimport-Verbot stellen &#8222;Wir freuen uns, dass Bundesminister Mitterlehner unserer Einladung gefolgt ist und sich in seinem Heimatbezirk Rohrbach (O\u00d6) in einer Diskussionsveranstaltung zum Atomstromimport-Verbot erkl\u00e4ren wird. Die Diskussion wird am Freitag, &hellip; <a href=\"https:\/\/www.muettergegenatomgefahr.at\/?p=421\">Weiterlesen <span class=\"meta-nav\">&rarr;<\/span><\/a><\/p>\n","protected":false},"author":2,"featured_media":0,"comment_status":"open","ping_status":"open","sticky":false,"template":"","format":"standard","meta":{"footnotes":""},"categories":[1],"tags":[],"class_list":["post-421","post","type-post","status-publish","format-standard","hentry","category-allgemein"],"_links":{"self":[{"href":"https:\/\/www.muettergegenatomgefahr.at\/index.php?rest_route=\/wp\/v2\/posts\/421","targetHints":{"allow":["GET"]}}],"collection":[{"href":"https:\/\/www.muettergegenatomgefahr.at\/index.php?rest_route=\/wp\/v2\/posts"}],"about":[{"href":"https:\/\/www.muettergegenatomgefahr.at\/index.php?rest_route=\/wp\/v2\/types\/post"}],"author":[{"embeddable":true,"href":"https:\/\/www.muettergegenatomgefahr.at\/index.php?rest_route=\/wp\/v2\/users\/2"}],"replies":[{"embeddable":true,"href":"https:\/\/www.muettergegenatomgefahr.at\/index.php?rest_route=%2Fwp%2Fv2%2Fcomments&post=421"}],"version-history":[{"count":1,"href":"https:\/\/www.muettergegenatomgefahr.at\/index.php?rest_route=\/wp\/v2\/posts\/421\/revisions"}],"predecessor-version":[{"id":422,"href":"https:\/\/www.muettergegenatomgefahr.at\/index.php?rest_route=\/wp\/v2\/posts\/421\/revisions\/422"}],"wp:attachment":[{"href":"https:\/\/www.muettergegenatomgefahr.at\/index.php?rest_route=%2Fwp%2Fv2%2Fmedia&parent=421"}],"wp:term":[{"taxonomy":"category","embeddable":true,"href":"https:\/\/www.muettergegenatomgefahr.at\/index.php?rest_route=%2Fwp%2Fv2%2Fcategories&post=421"},{"taxonomy":"post_tag","embeddable":true,"href":"https:\/\/www.muettergegenatomgefahr.at\/index.php?rest_route=%2Fwp%2Fv2%2Ftags&post=421"}],"curies":[{"name":"wp","href":"https:\/\/api.w.org\/{rel}","templated":true}]}}