{"id":423,"date":"2012-04-02T11:27:31","date_gmt":"2012-04-02T09:27:31","guid":{"rendered":"http:\/\/www.muettergegenatomgefahr.at\/?p=423"},"modified":"2012-04-02T11:27:31","modified_gmt":"2012-04-02T09:27:31","slug":"oo-atomgegner_innen-bereits-16-gemeinden-mit-erklarung-100-atomstromfrei","status":"publish","type":"post","link":"https:\/\/www.muettergegenatomgefahr.at\/?p=423","title":{"rendered":"O\u00d6 Atomgegner_innen: Bereits 16 Gemeinden mit Erkl\u00e4rung &#8222;100% atomstromfrei!&#8220;"},"content":{"rendered":"<p><em>Wirtschaftsminister Mitterlehner stellt sich bei Atomstromimport-Verbot quer!<\/em><\/p>\n<p><em> Diskussionsveranstaltung mit Wirtschaftsminister am Freitag, 13. April in Rohrbach, ab 19:30 Uhr<\/em><\/p>\n<p>&#8222;Wirtschaftsminister Mitterlehner kommt in einen Erkl\u00e4rungsnotstand: Schon demn\u00e4chst werden wegen des Ausbaus von Temelin Einwendungen gesammelt werden und der Tenor von der Bundespolitik und vom geb\u00fcrtigen M\u00fchlviertler Mitterlehner wird zweifelsohne eindeutig ausfallen: AKW Temelin &#8211; NEIN Danke! Gleichzeitig blockiert aber gerade Wirtschaftsminister Mitterlehner ein wasserdichtes \u00f6sterreichisches Atomstromimport-Verbot mit allen Mitteln, ganz nach dem Motto: Hat die Wirtschaft etwas zu sagen, geht`s der Atomindustrie nicht an den Kragen!&#8220;, sind Roland Egger, Obmann von atomstopp_atomkraftfrei leben!, Gabriele Schweiger, Obfrau der M\u00fctter gegen Atomgefahr und Manfred Doppler, Sprecher des Anti Atom Komitees von Wirtschaftsminister Mitterlehner entt\u00e4uscht.<\/p>\n<p>&#8222;Laut Umfragen lehnen 74% der \u00d6sterreicher_innen Atomstromimporte ab! 16 Gemeinden von &#8222;A&#8220; wie Absdorf in Nieder\u00f6sterreich bis &#8222;W&#8220; wie Waissenegg in der Steiermark haben sich bereits mit &#8222;100% atomstromfrei!&#8220;-Erkl\u00e4rungen an den Bundeskanzler, den Wirtschaftsminister und den Umweltminister gewandt! Und das ist erst der Anfang!&#8220;, so Egger, Schweiger und Doppler zuversichtlich.<br \/>\n<em>Wirtschaftsminister Mitterlehner stellt sich der Diskussion mit den Atomgegner_innen<\/em><\/p>\n<p><em> <\/em>Am Freitag, 13. April, ab 19:30 Uhr wird es in der Wirtschaftskammer Rohrbach in O\u00d6 eine Diskussionsveranstaltung mit Wirtschaftsminister Mitterlehner geben unter dem Motto: <em><\/em><\/p>\n<p><span style=\"text-decoration: underline;\"><em>AKW Temelin &#8211; Nein danke! Strom aus Temelin &#8211; Ja bitte?<\/em><\/span><em><br \/>\n<\/em><span style=\"text-decoration: underline;\"><em><a>\ufeff<\/a>Warum blockiert Wirtschaftsminister Mitterlehner das Atomstromimport-Verbot?<\/em><\/span><\/p>\n<p>&#8222;Wir erwarten uns von der Diskussionsveranstaltung eine klare Aussage des Wirtschaftsministers zu den M\u00f6glichkeiten, wie wir den Ausbau des Atomkraftwerks Temelin verhindern k\u00f6nnen! Nur zu sagen &#8222;Wir wollen keine weiteren Atomreaktoren in Temelin!&#8220; wird die Tschechen wohl nicht beeindrucken! Aus unserer Sicht verschlechtert ein wasserdichtes Atomstromimport-Verbot die Wirtschaftlichkeit des Temelin-Ausbaus dramatisch und entscheidend!&#8220;, so Egger, Schweiger und Doppler abschlie\u00dfend.<\/p>\n<p>Weitere Informationen:<br \/>\nRoland Egger + 43 680 23 93 019<br \/>\nGabriele Schweiger + 43 680 33 33 625<br \/>\nManfred Doppler + 43 664 450 50 15<\/p>\n","protected":false},"excerpt":{"rendered":"<p>Wirtschaftsminister Mitterlehner stellt sich bei Atomstromimport-Verbot quer! Diskussionsveranstaltung mit Wirtschaftsminister am Freitag, 13. April in Rohrbach, ab 19:30 Uhr &#8222;Wirtschaftsminister Mitterlehner kommt in einen Erkl\u00e4rungsnotstand: Schon demn\u00e4chst werden wegen des Ausbaus von Temelin Einwendungen gesammelt werden und der Tenor von &hellip; <a href=\"https:\/\/www.muettergegenatomgefahr.at\/?p=423\">Weiterlesen <span class=\"meta-nav\">&rarr;<\/span><\/a><\/p>\n","protected":false},"author":2,"featured_media":0,"comment_status":"open","ping_status":"open","sticky":false,"template":"","format":"standard","meta":{"footnotes":""},"categories":[1],"tags":[],"class_list":["post-423","post","type-post","status-publish","format-standard","hentry","category-allgemein"],"_links":{"self":[{"href":"https:\/\/www.muettergegenatomgefahr.at\/index.php?rest_route=\/wp\/v2\/posts\/423","targetHints":{"allow":["GET"]}}],"collection":[{"href":"https:\/\/www.muettergegenatomgefahr.at\/index.php?rest_route=\/wp\/v2\/posts"}],"about":[{"href":"https:\/\/www.muettergegenatomgefahr.at\/index.php?rest_route=\/wp\/v2\/types\/post"}],"author":[{"embeddable":true,"href":"https:\/\/www.muettergegenatomgefahr.at\/index.php?rest_route=\/wp\/v2\/users\/2"}],"replies":[{"embeddable":true,"href":"https:\/\/www.muettergegenatomgefahr.at\/index.php?rest_route=%2Fwp%2Fv2%2Fcomments&post=423"}],"version-history":[{"count":2,"href":"https:\/\/www.muettergegenatomgefahr.at\/index.php?rest_route=\/wp\/v2\/posts\/423\/revisions"}],"predecessor-version":[{"id":425,"href":"https:\/\/www.muettergegenatomgefahr.at\/index.php?rest_route=\/wp\/v2\/posts\/423\/revisions\/425"}],"wp:attachment":[{"href":"https:\/\/www.muettergegenatomgefahr.at\/index.php?rest_route=%2Fwp%2Fv2%2Fmedia&parent=423"}],"wp:term":[{"taxonomy":"category","embeddable":true,"href":"https:\/\/www.muettergegenatomgefahr.at\/index.php?rest_route=%2Fwp%2Fv2%2Fcategories&post=423"},{"taxonomy":"post_tag","embeddable":true,"href":"https:\/\/www.muettergegenatomgefahr.at\/index.php?rest_route=%2Fwp%2Fv2%2Ftags&post=423"}],"curies":[{"name":"wp","href":"https:\/\/api.w.org\/{rel}","templated":true}]}}