{"id":429,"date":"2012-04-10T12:10:06","date_gmt":"2012-04-10T10:10:06","guid":{"rendered":"http:\/\/www.muettergegenatomgefahr.at\/?p=429"},"modified":"2012-04-10T12:10:06","modified_gmt":"2012-04-10T10:10:06","slug":"oo-atomgegner_innen-74-der-osterreicher_innen-wollen-atomstromimport-verbot-bereits-24-gemeinden-erklaren-sich-100-atomstromfrei","status":"publish","type":"post","link":"https:\/\/www.muettergegenatomgefahr.at\/?p=429","title":{"rendered":"O\u00d6 Atomgegner_innen: 74% der \u00d6sterreicher_innen wollen Atomstromimport-Verbot, bereits 24 Gemeinden erkl\u00e4ren sich &#8222;100% atomstromfrei!&#8220;"},"content":{"rendered":"<p><em>Bundesminister Mitterlehner wird sich f\u00fcr Atomstromimport-Verbot einsetzen m\u00fcssen!  Diskussionsveranstaltung mit Bundesminister Mitterlehner<br \/>\nam 13. April 2012 &#8211; 19:30 Uhr, Wirtschaftskammer Rohrbach<\/em> (O\u00d6)<\/p>\n<p>Mit Zuversicht erwarten die Atomgegner_innen, dass Wirtschaftsminister Mitterlehner seine Blockadehaltung beim Atomstromimport-Verbot letztlich aufgeben wird m\u00fcssen. &#8222;74% der \u00d6sterreicher_innen, die ein Atomstromimport-Verbot unterst\u00fctzen, wird der Minister nur schwer ignorieren k\u00f6nnen!,&#8220; sind Roland Egger, Obmann von atomstopp_atomkraftrei leben!, Gabriele  Schweiger, Obfrau der M\u00fctter gegen Atomgefahr und Manfred Doppler, Sprecher des Anti Atom Komitees \u00fcberzeugt!<\/p>\n<p>Wirtschaftsminister Mitterlehner wird sich am 13. April ab 19:30 Uhr in der Wirtschaftskammer Rohrbach einer \u00f6ffentlichen Diskussion zum Atomstromimport-Verbot stellen. Mit dem Minister diskutieren werden auch Reinhard Uhrig von GLOBAL 2000 sowie Landtagsabgeordnete und Energiesprecherin der Gr\u00fcnen Ulli Schwarz.<\/p>\n<p>&#8222;24 Gemeinden haben bereits eine Erkl\u00e4rung &#8222;100% atomstromfrei!&#8220; beschlossen und an die Bundesregierung appelliert, sich f\u00fcr ein wasserdichtes \u00f6sterreichisches Atomstromimport-Verbot einzusetzen. Auch die Stadtgemeinde Rohrbach in O\u00d6 hat eine solche Resolution im Vorfeld der Veranstaltung mit Wirtschaftsminister Mitterlehner verabschiedet! Wir freuen uns, dass wir mit den Gemeinden Verb\u00fcndete f\u00fcr das Atomstromimport-Verbot finden!<\/p>\n<p>Der Druck auf den Wirtschaftsminister w\u00e4chst mit jeder weiteren Erkl\u00e4rung aus den Gemeinden! Letztlich wird auch Minister Mitterlehner seinen Widerstand aufgeben und im Sinn  e der \u00f6sterreichischen Bev\u00f6lkerung in Br\u00fcssel Klartext sprechen und f\u00fcr ein wasserdichtes \u00f6sterreichisches Atomstromimport-Verbot k\u00e4mpfen! Das erwarten wir uns jedenfalls von einem \u00f6sterreichischen Volksvertreter! Gerade der M\u00fchlviertler Mitterlehner, der sich gern als erkl\u00e4rter Gegner des AKW Temelin zeigt, darf nicht l\u00e4nger dem hemmungslosen Atomstromhandel nach \u00d6sterreich die Hintert\u00fcr freihalten!&#8220;, so Egger, Schweiger und Doppler abschlie\u00dfend.<\/p>\n<p>Weitere Informationen:<br \/>\nRoland Egger + 43 680 23 93 019<br \/>\nGabriele Schweiger + 43 680 33 33 625<br \/>\nManfred Doppler + 43 664 450 50 15<\/p>\n","protected":false},"excerpt":{"rendered":"<p>Bundesminister Mitterlehner wird sich f\u00fcr Atomstromimport-Verbot einsetzen m\u00fcssen! Diskussionsveranstaltung mit Bundesminister Mitterlehner am 13. April 2012 &#8211; 19:30 Uhr, Wirtschaftskammer Rohrbach (O\u00d6) Mit Zuversicht erwarten die Atomgegner_innen, dass Wirtschaftsminister Mitterlehner seine Blockadehaltung beim Atomstromimport-Verbot letztlich aufgeben wird m\u00fcssen. &#8222;74% der &hellip; <a href=\"https:\/\/www.muettergegenatomgefahr.at\/?p=429\">Weiterlesen <span class=\"meta-nav\">&rarr;<\/span><\/a><\/p>\n","protected":false},"author":2,"featured_media":0,"comment_status":"open","ping_status":"open","sticky":false,"template":"","format":"standard","meta":{"footnotes":""},"categories":[1],"tags":[],"class_list":["post-429","post","type-post","status-publish","format-standard","hentry","category-allgemein"],"_links":{"self":[{"href":"https:\/\/www.muettergegenatomgefahr.at\/index.php?rest_route=\/wp\/v2\/posts\/429","targetHints":{"allow":["GET"]}}],"collection":[{"href":"https:\/\/www.muettergegenatomgefahr.at\/index.php?rest_route=\/wp\/v2\/posts"}],"about":[{"href":"https:\/\/www.muettergegenatomgefahr.at\/index.php?rest_route=\/wp\/v2\/types\/post"}],"author":[{"embeddable":true,"href":"https:\/\/www.muettergegenatomgefahr.at\/index.php?rest_route=\/wp\/v2\/users\/2"}],"replies":[{"embeddable":true,"href":"https:\/\/www.muettergegenatomgefahr.at\/index.php?rest_route=%2Fwp%2Fv2%2Fcomments&post=429"}],"version-history":[{"count":1,"href":"https:\/\/www.muettergegenatomgefahr.at\/index.php?rest_route=\/wp\/v2\/posts\/429\/revisions"}],"predecessor-version":[{"id":430,"href":"https:\/\/www.muettergegenatomgefahr.at\/index.php?rest_route=\/wp\/v2\/posts\/429\/revisions\/430"}],"wp:attachment":[{"href":"https:\/\/www.muettergegenatomgefahr.at\/index.php?rest_route=%2Fwp%2Fv2%2Fmedia&parent=429"}],"wp:term":[{"taxonomy":"category","embeddable":true,"href":"https:\/\/www.muettergegenatomgefahr.at\/index.php?rest_route=%2Fwp%2Fv2%2Fcategories&post=429"},{"taxonomy":"post_tag","embeddable":true,"href":"https:\/\/www.muettergegenatomgefahr.at\/index.php?rest_route=%2Fwp%2Fv2%2Ftags&post=429"}],"curies":[{"name":"wp","href":"https:\/\/api.w.org\/{rel}","templated":true}]}}