{"id":431,"date":"2012-04-11T10:11:49","date_gmt":"2012-04-11T08:11:49","guid":{"rendered":"http:\/\/www.muettergegenatomgefahr.at\/?p=431"},"modified":"2012-04-11T10:11:49","modified_gmt":"2012-04-11T08:11:49","slug":"oo-atomgegner_innen-temelin-einwendungsfrist-startet-stuckerlweise-zum-beispiel-heute-im-burgenland","status":"publish","type":"post","link":"https:\/\/www.muettergegenatomgefahr.at\/?p=431","title":{"rendered":"O\u00d6 Atomgegner_innen: Temelin-Einwendungsfrist startet st\u00fcckerlweise &#8211; zum Beispiel heute im Burgenland"},"content":{"rendered":"<p><em>Bundesregierung gl\u00e4nzt mit armseliger Antiatom-Performance<\/em><\/p>\n<p>&#8222;In K\u00e4rnten ist es seit dem 6. April m\u00f6glich, im Rahmen der grenz\u00fcberschreitenden Umweltvertr\u00e4glichkeitspr\u00fcfung (UVP) Einwendungen gegen den Ausbau des AKW Temelin abzugeben, ab heute auch im Burgenland. Ober\u00f6sterreich wird seine 30-t\u00e4gige Einwendungsfrist am Montag, dem 16. April starten!&#8220;, so Roland Egger, Obmann von atomstopp_atomkraftfrei leben!, Gabriele Schweiger, Obfrau der M\u00fctter gegen Atomgefahr und Manfred Doppler, Sprecher des Anti Atom Komitees zur ausgesprochen kommunikationsfeindlichen Ank\u00fcndigungstaktik in Sachen Temelin-Ausbau.<\/p>\n<p>&#8222;Die Bundesregierung gl\u00e4nzt mit einer armseligen, auffallend koordinationsfernen Antiatom-Performance: International ist bei grenz\u00fcberschreitenden UVP durchaus eine 60t\u00e4gige Einwendungsfrist m\u00f6glich &#8211; wenn darum angesucht wird. Offensichtlich hat es aber niemand in der \u00f6sterreichischen Bundesregierung der M\u00fche Wert gefunden, sich f\u00fcr eine verl\u00e4ngerte 60-Tage-Einwendungsfrist einzusetzen und damit m\u00f6glichst vielen \u00d6sterreicher_innen die M\u00f6glichkeit zu geben, sich gegen den Ausbau des AKW Temelin auszusprechen!&#8220;, so Egger, Schweiger und Doppler ver\u00e4rgert!<\/p>\n<p>&#8222;Das armselige Antiatom-Engagement der Bundesregierung ist uns Auftrag genug: Wir werden unser M\u00f6glichstes tun und umgehend an alle Gemeinden in \u00d6sterreich einen Einwendungstext und Unterschriftenlisten gegen den Ausbau von Temelin schicken! Auf Gemeindeebene zeigt sich &#8211; im Gegensatz zur Bundesebene ein erfreulich ambitioniertes Bild im Kampf gegen Temelin: bereits 25 Gemeinden haben &#8222;100% atomstromfrei!&#8220;- Erkl\u00e4rungen beschlossen, um so &#8211; ganz pragmatisch &#8211; an Tschechien zu signalisieren: wir werden euch euren Atomstrom nicht abkaufen! Ein wasserdichtes \u00f6sterreichischen Atomstromimport-Verbot und die Aussch\u00f6pfung aller rechtlichen Einspruchsm\u00f6glichkeiten gehen Hand in Hand! Jede Einwendung, jede Unterschrift gegen den Ausbau von Temelin ist wichtig!&#8220;, so Egger, Schweiger und Doppler, die auch jetzt schon mehrere Infost\u00e4nde in Linz zum Sammeln von Einwendungen gegen den Ausbau von Temelin in Aussicht stellen, abschlie\u00dfend.<\/p>\n<p>Weitere Informationen:<br \/>\nRoland Egger + 43 680 23 93 019<br \/>\nGabriele Schweiger + 43 680 33 33 625<br \/>\nManfred Doppler + 43 664 450 50 15<\/p>\n","protected":false},"excerpt":{"rendered":"<p>Bundesregierung gl\u00e4nzt mit armseliger Antiatom-Performance &#8222;In K\u00e4rnten ist es seit dem 6. April m\u00f6glich, im Rahmen der grenz\u00fcberschreitenden Umweltvertr\u00e4glichkeitspr\u00fcfung (UVP) Einwendungen gegen den Ausbau des AKW Temelin abzugeben, ab heute auch im Burgenland. Ober\u00f6sterreich wird seine 30-t\u00e4gige Einwendungsfrist am Montag, &hellip; <a href=\"https:\/\/www.muettergegenatomgefahr.at\/?p=431\">Weiterlesen <span class=\"meta-nav\">&rarr;<\/span><\/a><\/p>\n","protected":false},"author":2,"featured_media":0,"comment_status":"open","ping_status":"open","sticky":false,"template":"","format":"standard","meta":{"footnotes":""},"categories":[1],"tags":[],"class_list":["post-431","post","type-post","status-publish","format-standard","hentry","category-allgemein"],"_links":{"self":[{"href":"https:\/\/www.muettergegenatomgefahr.at\/index.php?rest_route=\/wp\/v2\/posts\/431","targetHints":{"allow":["GET"]}}],"collection":[{"href":"https:\/\/www.muettergegenatomgefahr.at\/index.php?rest_route=\/wp\/v2\/posts"}],"about":[{"href":"https:\/\/www.muettergegenatomgefahr.at\/index.php?rest_route=\/wp\/v2\/types\/post"}],"author":[{"embeddable":true,"href":"https:\/\/www.muettergegenatomgefahr.at\/index.php?rest_route=\/wp\/v2\/users\/2"}],"replies":[{"embeddable":true,"href":"https:\/\/www.muettergegenatomgefahr.at\/index.php?rest_route=%2Fwp%2Fv2%2Fcomments&post=431"}],"version-history":[{"count":1,"href":"https:\/\/www.muettergegenatomgefahr.at\/index.php?rest_route=\/wp\/v2\/posts\/431\/revisions"}],"predecessor-version":[{"id":432,"href":"https:\/\/www.muettergegenatomgefahr.at\/index.php?rest_route=\/wp\/v2\/posts\/431\/revisions\/432"}],"wp:attachment":[{"href":"https:\/\/www.muettergegenatomgefahr.at\/index.php?rest_route=%2Fwp%2Fv2%2Fmedia&parent=431"}],"wp:term":[{"taxonomy":"category","embeddable":true,"href":"https:\/\/www.muettergegenatomgefahr.at\/index.php?rest_route=%2Fwp%2Fv2%2Fcategories&post=431"},{"taxonomy":"post_tag","embeddable":true,"href":"https:\/\/www.muettergegenatomgefahr.at\/index.php?rest_route=%2Fwp%2Fv2%2Ftags&post=431"}],"curies":[{"name":"wp","href":"https:\/\/api.w.org\/{rel}","templated":true}]}}