{"id":458,"date":"2012-05-08T10:13:47","date_gmt":"2012-05-08T08:13:47","guid":{"rendered":"http:\/\/www.muettergegenatomgefahr.at\/?p=458"},"modified":"2012-05-08T10:13:47","modified_gmt":"2012-05-08T08:13:47","slug":"atomstopp-appell-an-bundeskanzler-faymann-temelin-ausbau-nicht-links-liegen-lassen","status":"publish","type":"post","link":"https:\/\/www.muettergegenatomgefahr.at\/?p=458","title":{"rendered":"atomstopp: Appell an Bundeskanzler Faymann &#8211; Temelin-Ausbau nicht links liegen lassen!"},"content":{"rendered":"<p><a href=\"http:\/\/openpetition.de\/petition\/online\/uvp-temelin-34-meine-einwendung-gegen-den-ausbau-temelins\" target=\"_blank\"> <em>Temelin-Einwendungen in \u00d6sterreich noch bis Mitte Mai m\u00f6glich!<\/em><\/a><\/p>\n<p style=\"text-align: left;\"><em><a href=\"http:\/\/openpetition.de\/petition\/online\/uvp-temelin-34-meine-einwendung-gegen-den-ausbau-temelins\" target=\"_blank\"><img loading=\"lazy\" decoding=\"async\" class=\"size-full wp-image-459 alignright\" title=\"uvp-temelin-34-meine-einwendung-gegen-den-ausbau-temelins_1334562507_thumb1\" src=\"http:\/\/www.muettergegenatomgefahr.at\/wp-content\/uploads\/uvp-temelin-34-meine-einwendung-gegen-den-ausbau-temelins_1334562507_thumb11.png\" alt=\"\" width=\"121\" height=\"77\" \/><\/a><\/em>&#8222;Mit einiger Verwunderung m\u00fcssen wir zur Kenntnis nehmen, dass Bundeskanzler Faymann keinerlei Aktivit\u00e4ten zeigt, wenn es um den Ausbau des tschechischen Atomkraftwerks Temelin geht. Seit Mitte April k\u00f6nnen im Rahmen des Verfahrens zur Umweltvertr\u00e4glichkeitspr\u00fcfung Einwendungen gegen weitere Atomreaktoren in Temelin abgegeben werden. ONLINE und bei Informationsst\u00e4nden werden Unterschriften gesammelt!&#8220;, so Roland Egger und Gabriele Schweiger, Sprecher von atomstopp_oberoesterreich.<\/p>\n<p style=\"text-align: left;\">&#8222;Nach den vollmundigen Ank\u00fcndigungen des Bundeskanzlers zum Europ\u00e4ischen Atomausstieg ist es unverst\u00e4ndlich, dass Faymann den aktuellen Ausbau Temelins direkt an der Grenze zu \u00d6sterreich links liegen l\u00e4sst! Es ist unverst\u00e4ndlich, wenn der Bundeskanzler von einem europaweiten Atomausstieg schw\u00e4rmt, aber nichts gegen die atomare Bedrohung durch Temelin unternimmt!&#8220;, so Egger und Schweiger weiter, die an den Bundeskanzler dringend appellieren, den Temelin-Ausbau nicht links liegen zu lassen und sich unmissverst\u00e4ndlich gegen den Ausbau Temelins auszusprechen.<\/p>\n<p>Noch bis Mitte Mai ist es m\u00f6glich, Einwendungen gegen den Ausbau Temelins abzugeben, und zwar ONLINE unter:<\/p>\n<p><a href=\"http:\/\/openpetition.de\/petition\/online\/uvp-temelin-34-meine-einwendung-gegen-den-ausbau-temelins\" target=\"_blank\">http:\/\/openpetition.de\/petition\/online\/uvp-temelin-34-meine-einwendung-gegen-den-ausbau-temelins<\/a><\/p>\n<p>oder morgen beim atomstopp_Infostand in Linz,<br \/>\nTaubenmarkt von 11 bis 16 Uhr<\/p>\n<p>oder beim Infostand der Wiener Plattform Atomkraftfrei in Wien, Schottenpassage von 11:30 Uhr bis 15:30 Uhr.<\/p>\n<p>Weitere Informationen:<br \/>\nRoland Egger + 43 680 23 93 019<br \/>\nGabriele Schweiger + 43 680 33 33 625<\/p>\n","protected":false},"excerpt":{"rendered":"<p>Temelin-Einwendungen in \u00d6sterreich noch bis Mitte Mai m\u00f6glich! &#8222;Mit einiger Verwunderung m\u00fcssen wir zur Kenntnis nehmen, dass Bundeskanzler Faymann keinerlei Aktivit\u00e4ten zeigt, wenn es um den Ausbau des tschechischen Atomkraftwerks Temelin geht. Seit Mitte April k\u00f6nnen im Rahmen des Verfahrens &hellip; <a href=\"https:\/\/www.muettergegenatomgefahr.at\/?p=458\">Weiterlesen <span class=\"meta-nav\">&rarr;<\/span><\/a><\/p>\n","protected":false},"author":2,"featured_media":0,"comment_status":"open","ping_status":"open","sticky":false,"template":"","format":"standard","meta":{"footnotes":""},"categories":[1],"tags":[],"class_list":["post-458","post","type-post","status-publish","format-standard","hentry","category-allgemein"],"_links":{"self":[{"href":"https:\/\/www.muettergegenatomgefahr.at\/index.php?rest_route=\/wp\/v2\/posts\/458","targetHints":{"allow":["GET"]}}],"collection":[{"href":"https:\/\/www.muettergegenatomgefahr.at\/index.php?rest_route=\/wp\/v2\/posts"}],"about":[{"href":"https:\/\/www.muettergegenatomgefahr.at\/index.php?rest_route=\/wp\/v2\/types\/post"}],"author":[{"embeddable":true,"href":"https:\/\/www.muettergegenatomgefahr.at\/index.php?rest_route=\/wp\/v2\/users\/2"}],"replies":[{"embeddable":true,"href":"https:\/\/www.muettergegenatomgefahr.at\/index.php?rest_route=%2Fwp%2Fv2%2Fcomments&post=458"}],"version-history":[{"count":1,"href":"https:\/\/www.muettergegenatomgefahr.at\/index.php?rest_route=\/wp\/v2\/posts\/458\/revisions"}],"predecessor-version":[{"id":460,"href":"https:\/\/www.muettergegenatomgefahr.at\/index.php?rest_route=\/wp\/v2\/posts\/458\/revisions\/460"}],"wp:attachment":[{"href":"https:\/\/www.muettergegenatomgefahr.at\/index.php?rest_route=%2Fwp%2Fv2%2Fmedia&parent=458"}],"wp:term":[{"taxonomy":"category","embeddable":true,"href":"https:\/\/www.muettergegenatomgefahr.at\/index.php?rest_route=%2Fwp%2Fv2%2Fcategories&post=458"},{"taxonomy":"post_tag","embeddable":true,"href":"https:\/\/www.muettergegenatomgefahr.at\/index.php?rest_route=%2Fwp%2Fv2%2Ftags&post=458"}],"curies":[{"name":"wp","href":"https:\/\/api.w.org\/{rel}","templated":true}]}}