{"id":469,"date":"2012-05-29T11:21:16","date_gmt":"2012-05-29T09:21:16","guid":{"rendered":"http:\/\/www.muettergegenatomgefahr.at\/?p=469"},"modified":"2012-05-29T11:21:16","modified_gmt":"2012-05-29T09:21:16","slug":"oo-atomgegner_innen-uvp-zu-temelin-ausbau-geht-mit-offentlicher-erorterung-am-22-juni-in-budweis-in-entscheidende-phase","status":"publish","type":"post","link":"https:\/\/www.muettergegenatomgefahr.at\/?p=469","title":{"rendered":"O\u00d6 Atomgegner_innen: UVP zu Temelin-Ausbau geht mit \u00f6ffentlicher Er\u00f6rterung am 22. Juni in Budweis in entscheidende Phase"},"content":{"rendered":"<p><em>Atomare Ausbaupl\u00e4ne Tschechiens sind gegen jede \u00f6kologische und \u00f6konomische Vernunft<\/em><\/p>\n<p>&#8222;Mit Spannung sehen wir bereits jetzt der \u00f6ffentlichen Er\u00f6rterung der Umweltvertr\u00e4glichkeitspr\u00fcfung zum Temelin-Ausbau am 22. Juni entgegen: Es wird sich am 22. Juni in Budweis zeigen, welche politischen Vertreter_innen \u00d6sterreichs die atomare Gefahr durch den Temelin-Ausbau ernst nehmen und sich dort auf die Seite der mehr als 22.000 \u00d6sterreicher_innen stellt, die sich an der Einwendungskampagne der ober\u00f6sterreichischen Antiatom-Vereine beteiligt haben!&#8220;, so Roland Egger, Obmann von atomstopp_atomkraftfrei leben!, Gabriele Schweiger, Obfrau der M\u00fctter gegen Atomgefahr und Manfred Doppler,  Sprecher des Anti Atom Komitees.<\/p>\n<p>Nicht teilnehmen werden die ober\u00f6sterreichischen Antiatom-Vereine an der morgigen informellen Veranstaltung des tschechischen Umweltministeriums zum Ausbau Temelins in Wien, weil die Veranstaltung keinen rechtsverbindlichen Charakter im Sinne der ESPOO-Konvention hat. Es steht zu bef\u00fcrchten, dass die Einwendungen \u00f6sterreichischer B\u00fcrger_innen hierbei in Bausch und Bogen abgewiegelt und schon im Vorfeld, also vor der offiziellen \u00f6ffentlichen Er\u00f6rterung in Budweis, entsorgt werden.<\/p>\n<p>&#8222;Es ist \u00e4u\u00dferst bedenklich, dass Tschechien der Forderung nach einer offiziellen \u00f6ffentlichen Er\u00f6rterung in \u00d6sterreich und auch in Deutschland nicht nachgekommen ist. In einem vereinten Europa sollte es selbstverst\u00e4ndlich sein, alle von einer Atomkatastrophe in Tschechien potenziell betroffenen Mitgliedstaaten der Europ\u00e4ischen Union gleichwertige M\u00f6glichkeiten der Mitsprache bei den atomaren Ausbaupl\u00e4nen einzur\u00e4umen! Tschechien entzieht sich damit geltenden europ\u00e4ischen Konventionen! Es wird uns nur Budweis als einziger offizieller Er\u00f6rterungsort zugestanden. Den mehr als 22.000 Einwender_innen wird eine Teilnahme damit so gut wie unm\u00f6glich gemacht. Die \u00f6sterreichische Bundesregierung muss daher bei der offiziellen Er\u00f6rterung zur UVP Temelin-Ausbau am 22. Juni in Budweis h\u00f6chstrangig vertreten sein und stellvertretend f\u00fcr die \u00d6sterreicher_innen teilnehmen! Die atomaren Ausbaupl\u00e4ne Tschechiens sind beispiellos und gegen jede \u00f6kologische und \u00f6konomische Vernunft! Ein starkes Signal an die tschechische Regierung ist deshalb dringend n\u00f6tig!&#8220;, so Egger, Schweiger und Doppler abschlie\u00dfend.<\/p>\n<p>Weitere Informationen:<br \/>\nRoland Egger + 43 680 23 93 019<br \/>\nGabriele Schweiger + 43 33 33 625<br \/>\nManfred Doppler + 43 664 450 50 15<\/p>\n","protected":false},"excerpt":{"rendered":"<p>Atomare Ausbaupl\u00e4ne Tschechiens sind gegen jede \u00f6kologische und \u00f6konomische Vernunft &#8222;Mit Spannung sehen wir bereits jetzt der \u00f6ffentlichen Er\u00f6rterung der Umweltvertr\u00e4glichkeitspr\u00fcfung zum Temelin-Ausbau am 22. Juni entgegen: Es wird sich am 22. Juni in Budweis zeigen, welche politischen Vertreter_innen \u00d6sterreichs &hellip; <a href=\"https:\/\/www.muettergegenatomgefahr.at\/?p=469\">Weiterlesen <span class=\"meta-nav\">&rarr;<\/span><\/a><\/p>\n","protected":false},"author":2,"featured_media":0,"comment_status":"open","ping_status":"open","sticky":false,"template":"","format":"standard","meta":{"footnotes":""},"categories":[1],"tags":[],"class_list":["post-469","post","type-post","status-publish","format-standard","hentry","category-allgemein"],"_links":{"self":[{"href":"https:\/\/www.muettergegenatomgefahr.at\/index.php?rest_route=\/wp\/v2\/posts\/469","targetHints":{"allow":["GET"]}}],"collection":[{"href":"https:\/\/www.muettergegenatomgefahr.at\/index.php?rest_route=\/wp\/v2\/posts"}],"about":[{"href":"https:\/\/www.muettergegenatomgefahr.at\/index.php?rest_route=\/wp\/v2\/types\/post"}],"author":[{"embeddable":true,"href":"https:\/\/www.muettergegenatomgefahr.at\/index.php?rest_route=\/wp\/v2\/users\/2"}],"replies":[{"embeddable":true,"href":"https:\/\/www.muettergegenatomgefahr.at\/index.php?rest_route=%2Fwp%2Fv2%2Fcomments&post=469"}],"version-history":[{"count":1,"href":"https:\/\/www.muettergegenatomgefahr.at\/index.php?rest_route=\/wp\/v2\/posts\/469\/revisions"}],"predecessor-version":[{"id":470,"href":"https:\/\/www.muettergegenatomgefahr.at\/index.php?rest_route=\/wp\/v2\/posts\/469\/revisions\/470"}],"wp:attachment":[{"href":"https:\/\/www.muettergegenatomgefahr.at\/index.php?rest_route=%2Fwp%2Fv2%2Fmedia&parent=469"}],"wp:term":[{"taxonomy":"category","embeddable":true,"href":"https:\/\/www.muettergegenatomgefahr.at\/index.php?rest_route=%2Fwp%2Fv2%2Fcategories&post=469"},{"taxonomy":"post_tag","embeddable":true,"href":"https:\/\/www.muettergegenatomgefahr.at\/index.php?rest_route=%2Fwp%2Fv2%2Ftags&post=469"}],"curies":[{"name":"wp","href":"https:\/\/api.w.org\/{rel}","templated":true}]}}